{"id":5518,"date":"2022-03-18T16:00:23","date_gmt":"2022-03-18T23:00:23","guid":{"rendered":"https:\/\/upes.edu.mx\/radio\/?p=5518"},"modified":"2024-01-19T12:15:14","modified_gmt":"2024-01-19T19:15:14","slug":"cursos-y-diplomados-en-linea-en-la-upes","status":"publish","type":"post","link":"https:\/\/upes.edu.mx\/radio\/?p=5518","title":{"rendered":"CURSOS Y DIPLOMADOS EN L\u00cdNEA EN LA UPES"},"content":{"rendered":"<p><\/p>\n<p><em>Inscripciones del 23 al 31 de marzo<\/em><\/p>\n<p><\/p>\n<p><\/p>\n<p><\/p>\n<p><\/p>\n<p><\/p>\n<p><\/p>\n<p><strong>Culiac\u00e1n, Sin., a 18 de marzo de 2022.- <\/strong>En atenci\u00f3n a las solicitudes recibidas, la Universidad Pedag\u00f3gica del Estado de Sinaloa abri\u00f3 nueva convocatoria para cursos y talleres en l\u00ednea, con validez ante las secciones 27 y 53 del SNTE, inform\u00f3 el maestro V\u00edctor Hugo Ch\u00e1vez Gallardo, encargado de la Direcci\u00f3n de Desarrollo Acad\u00e9mico de Upes.\u00a0<\/p>\n<p><\/p>\n<p><\/p>\n<figure class=\"wp-block-image size-large\"><img loading=\"lazy\" width=\"1024\" height=\"967\" src=\"https:\/\/upes.edu.mx\/radio\/wp-content\/uploads\/2022\/03\/Convocatoria-Cursos-y-diplomados-en-linea-2022_Redes-sociales-1024x967.png\" alt=\"\" class=\"wp-image-5519\" srcset=\"https:\/\/upes.edu.mx\/radio\/wp-content\/uploads\/2022\/03\/Convocatoria-Cursos-y-diplomados-en-linea-2022_Redes-sociales-1024x967.png 1024w, https:\/\/upes.edu.mx\/radio\/wp-content\/uploads\/2022\/03\/Convocatoria-Cursos-y-diplomados-en-linea-2022_Redes-sociales-300x283.png 300w, https:\/\/upes.edu.mx\/radio\/wp-content\/uploads\/2022\/03\/Convocatoria-Cursos-y-diplomados-en-linea-2022_Redes-sociales-768x725.png 768w, https:\/\/upes.edu.mx\/radio\/wp-content\/uploads\/2022\/03\/Convocatoria-Cursos-y-diplomados-en-linea-2022_Redes-sociales-1536x1451.png 1536w, https:\/\/upes.edu.mx\/radio\/wp-content\/uploads\/2022\/03\/Convocatoria-Cursos-y-diplomados-en-linea-2022_Redes-sociales-2048x1934.png 2048w\" sizes=\"(max-width: 1024px) 100vw, 1024px\" \/><\/figure>\n<p><\/p>\n<p><\/p>\n<p>Ante la respuesta de la reciente convocatoria a cursos y talleres de Educaci\u00f3n Continua, en los que participaron m\u00e1s de mil docentes de Sinaloa y de otros estados del pa\u00eds, se abri\u00f3 una vez m\u00e1s al paquete de cursos y talleres, los cuales son totalmente en l\u00ednea, con el apoyo de un facilitador o facilitadora durante el trayecto. A\u00f1adi\u00f3 que, al ser auto gestionables,&nbsp; las y los participantes deciden el d\u00eda y la hora para trabajar las actividades que se pide cubrir en tiempo y forma para solventar la acreditaci\u00f3n..<\/p>\n<p><\/p>\n<p><\/p>\n<p>El encargado de Desarrollo Acad\u00e9mico de la Upes enfatiz\u00f3 que estos programas tienen validez oficial ante las secciones 27 y 53.<\/p>\n<p><\/p>\n<p><\/p>\n<p>Indic\u00f3 que las inscripciones son del 23 al 31 de marzo. Los cursos iniciar\u00e1n el 04 de abril para finalizar el 06 de junio y los diplomados iniciar\u00e1n el 04 de abril para finalizar el 04 de junio del presente a\u00f1o.&nbsp;<\/p>\n<p><\/p>\n<p><\/p>\n<p>V\u00edctor Hugo Ch\u00e1vez Gallardo agreg\u00f3 que pueden realizar su registro a trav\u00e9s de la direcci\u00f3n <a href=\"http:\/\/upes.edu.mx\/educacioncontinua\/\">upes.edu.mx\/educacioncontinua\/<\/a> <\/p>\n<p><\/p>\n","protected":false},"excerpt":{"rendered":"<p>Inscripciones del 23 al 31 de marzo Culiac\u00e1n, Sin., a 18 de marzo de 2022.- En atenci\u00f3n a las solicitudes recibidas, la Universidad Pedag\u00f3gica del Estado de Sinaloa abri\u00f3 nueva convocatoria para cursos y talleres en l\u00ednea, con validez ante las secciones 27 y 53 del SNTE, inform\u00f3 el maestro V\u00edctor Hugo Ch\u00e1vez Gallardo, encargado [&hellip;]<\/p>\n","protected":false},"author":2,"featured_media":5524,"comment_status":"closed","ping_status":"open","sticky":false,"template":"","format":"standard","meta":[],"categories":[8],"tags":[142,143,104,144,146,145,147,112],"_links":{"self":[{"href":"https:\/\/upes.edu.mx\/radio\/index.php?rest_route=\/wp\/v2\/posts\/5518"}],"collection":[{"href":"https:\/\/upes.edu.mx\/radio\/index.php?rest_route=\/wp\/v2\/posts"}],"about":[{"href":"https:\/\/upes.edu.mx\/radio\/index.php?rest_route=\/wp\/v2\/types\/post"}],"author":[{"embeddable":true,"href":"https:\/\/upes.edu.mx\/radio\/index.php?rest_route=\/wp\/v2\/users\/2"}],"replies":[{"embeddable":true,"href":"https:\/\/upes.edu.mx\/radio\/index.php?rest_route=%2Fwp%2Fv2%2Fcomments&post=5518"}],"version-history":[{"count":3,"href":"https:\/\/upes.edu.mx\/radio\/index.php?rest_route=\/wp\/v2\/posts\/5518\/revisions"}],"predecessor-version":[{"id":5532,"href":"https:\/\/upes.edu.mx\/radio\/index.php?rest_route=\/wp\/v2\/posts\/5518\/revisions\/5532"}],"wp:featuredmedia":[{"embeddable":true,"href":"https:\/\/upes.edu.mx\/radio\/index.php?rest_route=\/wp\/v2\/media\/5524"}],"wp:attachment":[{"href":"https:\/\/upes.edu.mx\/radio\/index.php?rest_route=%2Fwp%2Fv2%2Fmedia&parent=5518"}],"wp:term":[{"taxonomy":"category","embeddable":true,"href":"https:\/\/upes.edu.mx\/radio\/index.php?rest_route=%2Fwp%2Fv2%2Fcategories&post=5518"},{"taxonomy":"post_tag","embeddable":true,"href":"https:\/\/upes.edu.mx\/radio\/index.php?rest_route=%2Fwp%2Fv2%2Ftags&post=5518"}],"curies":[{"name":"wp","href":"https:\/\/api.w.org\/{rel}","templated":true}]}}