{"id":5610,"date":"2022-04-08T18:27:35","date_gmt":"2022-04-09T00:27:35","guid":{"rendered":"https:\/\/upes.edu.mx\/radio\/?p=5610"},"modified":"2024-01-19T12:15:11","modified_gmt":"2024-01-19T19:15:11","slug":"invitan-ninas-y-ninos-a-darle-zoom-a-sus-derechos","status":"publish","type":"post","link":"https:\/\/upes.edu.mx\/radio\/?p=5610","title":{"rendered":"Invitan ni\u00f1as y ni\u00f1os a darle \u2018ZOOM\u2019 a sus derechos"},"content":{"rendered":"<p><\/p>\n<p>SIPINNA Sinaloa dise\u00f1\u00f3 una serie de actividades en las que ni\u00f1as y ni\u00f1os hablen de sus derechos.<\/p>\n<p><\/p>\n<p><\/p>\n<p>En el marco del mes de la Ni\u00f1ez, y con el prop\u00f3sito de visibilizar los derechos de ni\u00f1as, ni\u00f1os y adolescentes, la Secretar\u00eda Ejecutiva del Sistema Estatal de Protecci\u00f3n Integral de los Derechos de Ni\u00f1as, Ni\u00f1os y Adolescentes (SIPINNA), puso en marcha la campa\u00f1a \u201cDale ZOOM a mis Derechos, que en parte incluye la participaci\u00f3n de ni\u00f1as y ni\u00f1os analizando y difundiendo sus derechos.<\/p>\n<p><\/p>\n<p><\/p>\n<p>La secretaria ejecutiva del SIPINNA, Nuria Alejandra Gonz\u00e1lez Elizalde explic\u00f3 que con motivo de este mes de las ni\u00f1as y los ni\u00f1os, se inform\u00f3 a las Secretar\u00edas Ejecutivas Municipales sobre las actividades programadas, as\u00ed como para recibir capacitaci\u00f3n por la Secretar\u00eda de Salud en temas de salud mental, prevenci\u00f3n y atenci\u00f3n de adicciones, l\u00edneas de emergencia y apoyo emocional con visi\u00f3n de ni\u00f1ez y adolescencia.<\/p>\n<p><\/p>\n<p><\/p>\n<p>\u201cSe han generado spots de radio en los que son las ni\u00f1as y ni\u00f1os los que hablan y comparten con otros ni\u00f1os y otras ni\u00f1as, sobre cu\u00e1les son sus derechos humanos, la responsabilidad que tenemos los adultos de generar condiciones de garant\u00eda y de protecci\u00f3n\u2026 tambi\u00e9n mesas de an\u00e1lisis donde son los mismos ni\u00f1os y ni\u00f1as los que comparten sus reflexiones, opiniones, propuestas sobre derechos muy fundamentales, como el derecho a vivir una vida libre de violencia, el derecho a la informaci\u00f3n, a la educaci\u00f3n, a la salud\u2026\u201d, dijo Gonz\u00e1lez Elizalde.<\/p>\n<p><\/p>\n<p><\/p>\n<p>A\u00f1adi\u00f3 que tambi\u00e9n se dise\u00f1\u00f3 un cat\u00e1logo de L\u00edneas de Emergencia y Apoyo Emocional para acercarles la informaci\u00f3n sobre a d\u00f3nde pueden solicitar ayuda ante cualquier situaci\u00f3n que los ponga en riesgo.<\/p>\n<p><\/p>\n<p><\/p>\n<p>Culiac\u00e1n, Sin., 08 de abril de 2022. Con informaci\u00f3n de SIPINNA Sinaloa.<\/p>\n<p><\/p>\n<p><\/p>\n<p><\/p>\n","protected":false},"excerpt":{"rendered":"<p>SIPINNA Sinaloa dise\u00f1\u00f3 una serie de actividades en las que ni\u00f1as y ni\u00f1os hablen de sus derechos. En el marco del mes de la Ni\u00f1ez, y con el prop\u00f3sito de visibilizar los derechos de ni\u00f1as, ni\u00f1os y adolescentes, la Secretar\u00eda Ejecutiva del Sistema Estatal de Protecci\u00f3n Integral de los Derechos de Ni\u00f1as, Ni\u00f1os y Adolescentes [&hellip;]<\/p>\n","protected":false},"author":2,"featured_media":5611,"comment_status":"closed","ping_status":"open","sticky":false,"template":"","format":"standard","meta":[],"categories":[8],"tags":[167,168,165,166,164],"_links":{"self":[{"href":"https:\/\/upes.edu.mx\/radio\/index.php?rest_route=\/wp\/v2\/posts\/5610"}],"collection":[{"href":"https:\/\/upes.edu.mx\/radio\/index.php?rest_route=\/wp\/v2\/posts"}],"about":[{"href":"https:\/\/upes.edu.mx\/radio\/index.php?rest_route=\/wp\/v2\/types\/post"}],"author":[{"embeddable":true,"href":"https:\/\/upes.edu.mx\/radio\/index.php?rest_route=\/wp\/v2\/users\/2"}],"replies":[{"embeddable":true,"href":"https:\/\/upes.edu.mx\/radio\/index.php?rest_route=%2Fwp%2Fv2%2Fcomments&post=5610"}],"version-history":[{"count":1,"href":"https:\/\/upes.edu.mx\/radio\/index.php?rest_route=\/wp\/v2\/posts\/5610\/revisions"}],"predecessor-version":[{"id":5612,"href":"https:\/\/upes.edu.mx\/radio\/index.php?rest_route=\/wp\/v2\/posts\/5610\/revisions\/5612"}],"wp:featuredmedia":[{"embeddable":true,"href":"https:\/\/upes.edu.mx\/radio\/index.php?rest_route=\/wp\/v2\/media\/5611"}],"wp:attachment":[{"href":"https:\/\/upes.edu.mx\/radio\/index.php?rest_route=%2Fwp%2Fv2%2Fmedia&parent=5610"}],"wp:term":[{"taxonomy":"category","embeddable":true,"href":"https:\/\/upes.edu.mx\/radio\/index.php?rest_route=%2Fwp%2Fv2%2Fcategories&post=5610"},{"taxonomy":"post_tag","embeddable":true,"href":"https:\/\/upes.edu.mx\/radio\/index.php?rest_route=%2Fwp%2Fv2%2Ftags&post=5610"}],"curies":[{"name":"wp","href":"https:\/\/api.w.org\/{rel}","templated":true}]}}