{"id":5684,"date":"2022-05-23T16:27:22","date_gmt":"2022-05-23T22:27:22","guid":{"rendered":"https:\/\/upes.edu.mx\/radio\/?p=5684"},"modified":"2024-01-19T12:15:04","modified_gmt":"2024-01-19T19:15:04","slug":"lo-importante-no-es-solo-ser-pedagogo-sino-saber-que-puede-ser-con-esa-profesion","status":"publish","type":"post","link":"https:\/\/upes.edu.mx\/radio\/?p=5684","title":{"rendered":"Lo importante no es solo ser pedagogo sino saber qu\u00e9 puede ser con esa profesi\u00f3n"},"content":{"rendered":"<p><\/p>\n<p>El Subdirector de Fomento Econ\u00f3mico de Sinaloa, Ahuizotl L\u00f3pez Apodaca, imparti\u00f3 la conferencia &#8220;Emprender desde la educaci\u00f3n&#8221; a estudiantes de UPES.<\/p>\n<p><\/p>\n<p><\/p>\n<p><strong>Culiac\u00e1n, Sin., a 23 de mayo de 2022.-<\/strong> El Subsecretario de Fomento Econ\u00f3mico de Sinaloa, Ahuizotl L\u00f3pez Apodaca, destac\u00f3 ante el alumnado de la UPES todas y cada una de las posibilidades que como pedagogos y pedagogas tienen en el \u00e1mbito empresarial. Posibilidades que a\u00fan en la actualidad se desconocen y que son altamente remunerables.<\/p>\n<p><\/p>\n<p><\/p>\n<figure class=\"wp-block-image size-large\"><img loading=\"lazy\" width=\"1024\" height=\"576\" src=\"https:\/\/upes.edu.mx\/radio\/wp-content\/uploads\/2022\/05\/DSC01075-1024x576.jpg\" alt=\"\" class=\"wp-image-5685\" srcset=\"https:\/\/upes.edu.mx\/radio\/wp-content\/uploads\/2022\/05\/DSC01075-1024x576.jpg 1024w, https:\/\/upes.edu.mx\/radio\/wp-content\/uploads\/2022\/05\/DSC01075-300x169.jpg 300w, https:\/\/upes.edu.mx\/radio\/wp-content\/uploads\/2022\/05\/DSC01075-768x432.jpg 768w, https:\/\/upes.edu.mx\/radio\/wp-content\/uploads\/2022\/05\/DSC01075.jpg 1080w\" sizes=\"(max-width: 1024px) 100vw, 1024px\" \/><\/figure>\n<p><\/p>\n<p><\/p>\n<p>Durante la conferencia \u201cEmprender desde la educaci\u00f3n\u201d, que ofreci\u00f3 a la comunidad de la Universidad Pedag\u00f3gica del Estado de Sinaloa, como parte de las actividades por el D\u00eda del Estudiante, L\u00f3pez Apodaca se\u00f1al\u00f3 que lo primordial es que cada quien decida hasta donde quiere y puede llegar sin importar los l\u00edmites.&nbsp; Asimismo, enfatiz\u00f3 que es invariablemente importante actualizarse y estar a la vanguardia en lo que respecta a la profesi\u00f3n.<\/p>\n<p><\/p>\n<p><\/p>\n<p>El Rector de Upes, M.C. Jes\u00fas Aar\u00f3n Quintero P\u00e9rez, felicit\u00f3 a las y los estudiantes en su d\u00eda, y recalc\u00f3 que el ser pedagogo o pedagoga no solamente se refiere a estar dentro de un aula, sino qu\u00e9 hay diferentes \u00e1reas en lo empresarial que se necesita un profesional en pedagog\u00eda.&nbsp;<\/p>\n<p><\/p>\n<p><\/p>\n<p>Expres\u00f3 que en Upes se brindan las herramientas necesarias para ser profesionales competentes, el resto depende de cada estudiante. El Rector invit\u00f3 al alumnado a ver todas y cada una de las posibilidades que tienen como egresados y egresadas y no cerrarse a una sola idea.&nbsp;<\/p>\n<p><\/p>\n<p><\/p>\n<p>Al cierre del evento, la doctora Silvia Evelyn Ward Bringas, Secretaria General, dio lectura al reconocimiento que la UPES entreg\u00f3 al licenciado Ahuizotl L\u00f3pez Apodaca, por su destacada participaci\u00f3n.<\/p>\n<p><\/p>\n","protected":false},"excerpt":{"rendered":"<p>El Subdirector de Fomento Econ\u00f3mico de Sinaloa, Ahuizotl L\u00f3pez Apodaca, imparti\u00f3 la conferencia &#8220;Emprender desde la educaci\u00f3n&#8221; a estudiantes de UPES. Culiac\u00e1n, Sin., a 23 de mayo de 2022.- El Subsecretario de Fomento Econ\u00f3mico de Sinaloa, Ahuizotl L\u00f3pez Apodaca, destac\u00f3 ante el alumnado de la UPES todas y cada una de las posibilidades que como [&hellip;]<\/p>\n","protected":false},"author":2,"featured_media":5686,"comment_status":"closed","ping_status":"open","sticky":false,"template":"","format":"standard","meta":[],"categories":[8],"tags":[104,192,199,116],"_links":{"self":[{"href":"https:\/\/upes.edu.mx\/radio\/index.php?rest_route=\/wp\/v2\/posts\/5684"}],"collection":[{"href":"https:\/\/upes.edu.mx\/radio\/index.php?rest_route=\/wp\/v2\/posts"}],"about":[{"href":"https:\/\/upes.edu.mx\/radio\/index.php?rest_route=\/wp\/v2\/types\/post"}],"author":[{"embeddable":true,"href":"https:\/\/upes.edu.mx\/radio\/index.php?rest_route=\/wp\/v2\/users\/2"}],"replies":[{"embeddable":true,"href":"https:\/\/upes.edu.mx\/radio\/index.php?rest_route=%2Fwp%2Fv2%2Fcomments&post=5684"}],"version-history":[{"count":1,"href":"https:\/\/upes.edu.mx\/radio\/index.php?rest_route=\/wp\/v2\/posts\/5684\/revisions"}],"predecessor-version":[{"id":5687,"href":"https:\/\/upes.edu.mx\/radio\/index.php?rest_route=\/wp\/v2\/posts\/5684\/revisions\/5687"}],"wp:featuredmedia":[{"embeddable":true,"href":"https:\/\/upes.edu.mx\/radio\/index.php?rest_route=\/wp\/v2\/media\/5686"}],"wp:attachment":[{"href":"https:\/\/upes.edu.mx\/radio\/index.php?rest_route=%2Fwp%2Fv2%2Fmedia&parent=5684"}],"wp:term":[{"taxonomy":"category","embeddable":true,"href":"https:\/\/upes.edu.mx\/radio\/index.php?rest_route=%2Fwp%2Fv2%2Fcategories&post=5684"},{"taxonomy":"post_tag","embeddable":true,"href":"https:\/\/upes.edu.mx\/radio\/index.php?rest_route=%2Fwp%2Fv2%2Ftags&post=5684"}],"curies":[{"name":"wp","href":"https:\/\/api.w.org\/{rel}","templated":true}]}}