{"id":5729,"date":"2022-06-13T12:29:43","date_gmt":"2022-06-13T18:29:43","guid":{"rendered":"https:\/\/upes.edu.mx\/radio\/?p=5729"},"modified":"2024-01-19T12:14:59","modified_gmt":"2024-01-19T19:14:59","slug":"el-rector-de-upes-se-reune-con-el-subsecretario-de-educacion-superior","status":"publish","type":"post","link":"https:\/\/upes.edu.mx\/radio\/?p=5729","title":{"rendered":"EL RECTOR DE UPES SE RE\u00daNE CON EL SUBSECRETARIO DE EDUCACI\u00d3N SUPERIOR"},"content":{"rendered":"<p><\/p>\n<p class=\"has-text-align-center\"><strong>EL RECTOR DE UPES SE RE\u00daNE CON EL SUBSECRETARIO DE EDUCACI\u00d3N SUPERIOR<\/strong><\/p>\n<p><\/p>\n<p><\/p>\n<p class=\"has-text-align-center\"><em><strong>Se busca el apoyo en gestiones que permitan mejorar las condiciones laborales de personal docente y administrativo<\/strong><\/em><\/p>\n<p><\/p>\n<p><\/p>\n<p><strong>Culiac\u00e1n, Sin., a 13 de junio de 2022.-<\/strong> Con el prop\u00f3sito de obtener apoyo y acompa\u00f1amiento en las gestiones ante autoridades federales, el rector de la UPES, M.C. Jes\u00fas Aar\u00f3n Quintero P\u00e9rez, se reuni\u00f3 con el Subsecretario de Educaci\u00f3n Superior, Dr. Luciano Concheiro B\u00f3rquez.<\/p>\n<p><\/p>\n<p><\/p>\n<p>En la reuni\u00f3n, el Rector de UPES solicit\u00f3 al funcionario federal su apoyo y acompa\u00f1amiento en gestiones ante el FONE, la Secretar\u00eda de Hacienda y otras instancias relacionadas con la recuperaci\u00f3n de recursos econ\u00f3micos para la UPES, as\u00ed como para plazas y prestaciones en beneficio del personal docente y administrativo.<\/p>\n<p><\/p>\n<p><\/p>\n<p>En este encuentro, estuvo presente el Secretario de Administraci\u00f3n de UPES, M.C. Arturo C\u00e1sarez Mel\u00e9ndrez.<\/p>\n<p><\/p>\n","protected":false},"excerpt":{"rendered":"<p>EL RECTOR DE UPES SE RE\u00daNE CON EL SUBSECRETARIO DE EDUCACI\u00d3N SUPERIOR Se busca el apoyo en gestiones que permitan mejorar las condiciones laborales de personal docente y administrativo Culiac\u00e1n, Sin., a 13 de junio de 2022.- Con el prop\u00f3sito de obtener apoyo y acompa\u00f1amiento en las gestiones ante autoridades federales, el rector de la [&hellip;]<\/p>\n","protected":false},"author":4,"featured_media":5730,"comment_status":"closed","ping_status":"open","sticky":false,"template":"","format":"standard","meta":[],"categories":[5,6,8],"tags":[],"_links":{"self":[{"href":"https:\/\/upes.edu.mx\/radio\/index.php?rest_route=\/wp\/v2\/posts\/5729"}],"collection":[{"href":"https:\/\/upes.edu.mx\/radio\/index.php?rest_route=\/wp\/v2\/posts"}],"about":[{"href":"https:\/\/upes.edu.mx\/radio\/index.php?rest_route=\/wp\/v2\/types\/post"}],"author":[{"embeddable":true,"href":"https:\/\/upes.edu.mx\/radio\/index.php?rest_route=\/wp\/v2\/users\/4"}],"replies":[{"embeddable":true,"href":"https:\/\/upes.edu.mx\/radio\/index.php?rest_route=%2Fwp%2Fv2%2Fcomments&post=5729"}],"version-history":[{"count":1,"href":"https:\/\/upes.edu.mx\/radio\/index.php?rest_route=\/wp\/v2\/posts\/5729\/revisions"}],"predecessor-version":[{"id":5731,"href":"https:\/\/upes.edu.mx\/radio\/index.php?rest_route=\/wp\/v2\/posts\/5729\/revisions\/5731"}],"wp:featuredmedia":[{"embeddable":true,"href":"https:\/\/upes.edu.mx\/radio\/index.php?rest_route=\/wp\/v2\/media\/5730"}],"wp:attachment":[{"href":"https:\/\/upes.edu.mx\/radio\/index.php?rest_route=%2Fwp%2Fv2%2Fmedia&parent=5729"}],"wp:term":[{"taxonomy":"category","embeddable":true,"href":"https:\/\/upes.edu.mx\/radio\/index.php?rest_route=%2Fwp%2Fv2%2Fcategories&post=5729"},{"taxonomy":"post_tag","embeddable":true,"href":"https:\/\/upes.edu.mx\/radio\/index.php?rest_route=%2Fwp%2Fv2%2Ftags&post=5729"}],"curies":[{"name":"wp","href":"https:\/\/api.w.org\/{rel}","templated":true}]}}