{"id":5732,"date":"2022-06-13T12:52:48","date_gmt":"2022-06-13T18:52:48","guid":{"rendered":"https:\/\/upes.edu.mx\/radio\/?p=5732"},"modified":"2024-01-19T12:14:58","modified_gmt":"2024-01-19T19:14:58","slug":"por-iniciar-la-vacunacion-contra-el-covid-para-ninos","status":"publish","type":"post","link":"https:\/\/upes.edu.mx\/radio\/?p=5732","title":{"rendered":"POR INICIAR LA VACUNACI\u00d3N CONTRA EL COVID PARA NI\u00d1OS"},"content":{"rendered":"<p><\/p>\n<p>*El gobernador Rocha anunci\u00f3 que la otra semana arribar\u00e1n a Sinaloa las vacunas para ni\u00f1os de 5 a 11 a\u00f1os de edad.<\/p>\n<p><\/p>\n<p><\/p>\n<p>*No hay ning\u00fan caso de la viruela del mono en Sinaloa, precis\u00f3 el secretario de Salud.<\/p>\n<p><\/p>\n<p><\/p>\n<p>Culiac\u00e1n, Sinaloa, a&nbsp; 13 de junio del 2022.- Durante su Conferencia Semanera, el gobernador Rub\u00e9n Rocha Moya anunci\u00f3 que el lunes 20 de junio llegar\u00e1n al estado las vacunas Pfizer contra el COVID para la poblaci\u00f3n infantil de 5 a 11 a\u00f1os, por lo que se podr\u00e1 iniciar con la vacunaci\u00f3n de los menores.<\/p>\n<p><\/p>\n<p><\/p>\n<p>El mandatario estatal estuvo acompa\u00f1ado en su conferencia por el secretario de Salud, Cuitl\u00e1huac Gonz\u00e1lez Galindo, quien inform\u00f3 que hay 4 mil 366 nuevos casos de Covid, cifra superior a la que se ten\u00eda en junio del a\u00f1o pasado, que se contabilizaron 3 mil 624 contagios.<\/p>\n<p><\/p>\n<p><\/p>\n<p>El secretario de Salud inform\u00f3 que se tienen 119 camas ocupadas, cifra menor a la del a\u00f1o pasado, cuando se&nbsp; ten\u00edan mil 105 camas. Destac\u00f3 que la baja hospitalizaci\u00f3n se debe a la campa\u00f1a de vacunaci\u00f3n, que ha cubierto al 97.89 por ciento de adultos mayores, con esquema de tercera dosis.<\/p>\n<p><\/p>\n<p><\/p>\n<p>Destac\u00f3 que tambi\u00e9n gracias a la vacunaci\u00f3n, el n\u00famero de defunciones es bajo, ya que en junio del a\u00f1o pasado se registraron 258 decesos, mientras que en lo va de este mes se tuvo una defunci\u00f3n.<\/p>\n<p><\/p>\n<p><\/p>\n<p>Sobre la cobertura de vacunaci\u00f3n por segmentos de poblaci\u00f3n, inform\u00f3 que en el grupo de mayores de 18 a\u00f1os, un 92 por ciento ya est\u00e1 vacunado. Respecto a los de 12 a 14 a\u00f1os, que es el segmento m\u00e1s reciente, se tiene casi el 58 por ciento de poblaci\u00f3n vacunada.&nbsp;<\/p>\n<p><\/p>\n<p><\/p>\n<p>El secretario de Salud tambi\u00e9n inform\u00f3 que no hay ning\u00fan caso positivo de viruela del mono en el estado, no obstante que hubo un grupo de personas que viajaron a Puerto Vallarta en el per\u00edodo en el que se identific\u00f3 a la persona del extranjero. \u201cDe estas personas se les pidi\u00f3 que acudieran o se pusieran en contacto con la jurisdicci\u00f3n sanitaria de Culiac\u00e1n, se recibieron 15 llamadas, se atendieron, no tienen ning\u00fan dato cl\u00ednico hasta ahorita que nos oriente a pensar que estas personas traen alg\u00fan tipo de contagio. Por lo tanto, se les consider\u00f3 que estuvieran aisladas, y en este caso no tendr\u00edamos ahorita ning\u00fan caso de una persona contagiada con esta enfermedad\u201d, concluy\u00f3.<\/p>\n<p><\/p>\n","protected":false},"excerpt":{"rendered":"<p>*El gobernador Rocha anunci\u00f3 que la otra semana arribar\u00e1n a Sinaloa las vacunas para ni\u00f1os de 5 a 11 a\u00f1os de edad. *No hay ning\u00fan caso de la viruela del mono en Sinaloa, precis\u00f3 el secretario de Salud. Culiac\u00e1n, Sinaloa, a&nbsp; 13 de junio del 2022.- Durante su Conferencia Semanera, el gobernador Rub\u00e9n Rocha Moya [&hellip;]<\/p>\n","protected":false},"author":2,"featured_media":5733,"comment_status":"closed","ping_status":"open","sticky":false,"template":"","format":"standard","meta":[],"categories":[8],"tags":[222,166,221],"_links":{"self":[{"href":"https:\/\/upes.edu.mx\/radio\/index.php?rest_route=\/wp\/v2\/posts\/5732"}],"collection":[{"href":"https:\/\/upes.edu.mx\/radio\/index.php?rest_route=\/wp\/v2\/posts"}],"about":[{"href":"https:\/\/upes.edu.mx\/radio\/index.php?rest_route=\/wp\/v2\/types\/post"}],"author":[{"embeddable":true,"href":"https:\/\/upes.edu.mx\/radio\/index.php?rest_route=\/wp\/v2\/users\/2"}],"replies":[{"embeddable":true,"href":"https:\/\/upes.edu.mx\/radio\/index.php?rest_route=%2Fwp%2Fv2%2Fcomments&post=5732"}],"version-history":[{"count":1,"href":"https:\/\/upes.edu.mx\/radio\/index.php?rest_route=\/wp\/v2\/posts\/5732\/revisions"}],"predecessor-version":[{"id":5734,"href":"https:\/\/upes.edu.mx\/radio\/index.php?rest_route=\/wp\/v2\/posts\/5732\/revisions\/5734"}],"wp:featuredmedia":[{"embeddable":true,"href":"https:\/\/upes.edu.mx\/radio\/index.php?rest_route=\/wp\/v2\/media\/5733"}],"wp:attachment":[{"href":"https:\/\/upes.edu.mx\/radio\/index.php?rest_route=%2Fwp%2Fv2%2Fmedia&parent=5732"}],"wp:term":[{"taxonomy":"category","embeddable":true,"href":"https:\/\/upes.edu.mx\/radio\/index.php?rest_route=%2Fwp%2Fv2%2Fcategories&post=5732"},{"taxonomy":"post_tag","embeddable":true,"href":"https:\/\/upes.edu.mx\/radio\/index.php?rest_route=%2Fwp%2Fv2%2Ftags&post=5732"}],"curies":[{"name":"wp","href":"https:\/\/api.w.org\/{rel}","templated":true}]}}