{"id":5741,"date":"2022-06-23T14:27:22","date_gmt":"2022-06-23T20:27:22","guid":{"rendered":"https:\/\/upes.edu.mx\/radio\/?p=5741"},"modified":"2024-01-19T12:14:57","modified_gmt":"2024-01-19T19:14:57","slug":"105-escuelas-de-sinaloa-serian-habilitadas-como-albergues-temporales","status":"publish","type":"post","link":"https:\/\/upes.edu.mx\/radio\/?p=5741","title":{"rendered":"105 ESCUELAS DE SINALOA SER\u00cdAN HABILITADAS COMO ALBERGUES TEMPORALES"},"content":{"rendered":"<p><\/p>\n<p>Ante la actual temporada de lluvias y huracanes, y en atenci\u00f3n a las y los ciudadanos que lo requieran, los planteles se podr\u00edan habilitar como albergues temporales, inform\u00f3 la Secretar\u00eda de Educaci\u00f3n P\u00fablica y Cultura.<\/p>\n<p><\/p>\n<p><\/p>\n<p>Culiac\u00e1n, Sin., a 23 de junio de 2022.- La activaci\u00f3n de los albergues temporales en escuelas se har\u00e1 en funci\u00f3n a las indicaciones que se den con base a los pron\u00f3sticos de lluvia que emite la Comisi\u00f3n Nacional del Agua y las recomendaciones de Protecci\u00f3n Civil.<\/p>\n<p><\/p>\n","protected":false},"excerpt":{"rendered":"<p>Ante la actual temporada de lluvias y huracanes, y en atenci\u00f3n a las y los ciudadanos que lo requieran, los planteles se podr\u00edan habilitar como albergues temporales, inform\u00f3 la Secretar\u00eda de Educaci\u00f3n P\u00fablica y Cultura. Culiac\u00e1n, Sin., a 23 de junio de 2022.- La activaci\u00f3n de los albergues temporales en escuelas se har\u00e1 en funci\u00f3n [&hellip;]<\/p>\n","protected":false},"author":2,"featured_media":5742,"comment_status":"closed","ping_status":"open","sticky":false,"template":"","format":"standard","meta":[],"categories":[8],"tags":[225,228,227,224,226,175,159],"_links":{"self":[{"href":"https:\/\/upes.edu.mx\/radio\/index.php?rest_route=\/wp\/v2\/posts\/5741"}],"collection":[{"href":"https:\/\/upes.edu.mx\/radio\/index.php?rest_route=\/wp\/v2\/posts"}],"about":[{"href":"https:\/\/upes.edu.mx\/radio\/index.php?rest_route=\/wp\/v2\/types\/post"}],"author":[{"embeddable":true,"href":"https:\/\/upes.edu.mx\/radio\/index.php?rest_route=\/wp\/v2\/users\/2"}],"replies":[{"embeddable":true,"href":"https:\/\/upes.edu.mx\/radio\/index.php?rest_route=%2Fwp%2Fv2%2Fcomments&post=5741"}],"version-history":[{"count":1,"href":"https:\/\/upes.edu.mx\/radio\/index.php?rest_route=\/wp\/v2\/posts\/5741\/revisions"}],"predecessor-version":[{"id":5743,"href":"https:\/\/upes.edu.mx\/radio\/index.php?rest_route=\/wp\/v2\/posts\/5741\/revisions\/5743"}],"wp:featuredmedia":[{"embeddable":true,"href":"https:\/\/upes.edu.mx\/radio\/index.php?rest_route=\/wp\/v2\/media\/5742"}],"wp:attachment":[{"href":"https:\/\/upes.edu.mx\/radio\/index.php?rest_route=%2Fwp%2Fv2%2Fmedia&parent=5741"}],"wp:term":[{"taxonomy":"category","embeddable":true,"href":"https:\/\/upes.edu.mx\/radio\/index.php?rest_route=%2Fwp%2Fv2%2Fcategories&post=5741"},{"taxonomy":"post_tag","embeddable":true,"href":"https:\/\/upes.edu.mx\/radio\/index.php?rest_route=%2Fwp%2Fv2%2Ftags&post=5741"}],"curies":[{"name":"wp","href":"https:\/\/api.w.org\/{rel}","templated":true}]}}