{"id":5778,"date":"2022-07-04T14:25:05","date_gmt":"2022-07-04T20:25:05","guid":{"rendered":"https:\/\/upes.edu.mx\/radio\/?p=5778"},"modified":"2024-01-19T12:14:37","modified_gmt":"2024-01-19T19:14:37","slug":"martes-05-de-julio-se-reanuda-vacunacion-covid-19-para-menores-de-5-a-11-anos","status":"publish","type":"post","link":"https:\/\/upes.edu.mx\/radio\/?p=5778","title":{"rendered":"MARTES 5 DE JULIO SE REANUDA VACUNACI\u00d3N COVID-19 PARA MENORES DE 5 A 11 A\u00d1OS"},"content":{"rendered":"<p><\/p>\n<p>El gobernador Rocha anunci\u00f3 m\u00e1s espacios refrigerados para la aplicaci\u00f3n de la vacuna.<\/p>\n<p><\/p>\n<p><\/p>\n<p>Culiac\u00e1n, Sinaloa, a 04 de julio de 2022.- En el marco de la conferencia semanera que encabeza el gobernador Rub\u00e9n Rocha Moya, se dio a conocer que este Martes 05 se reanudar\u00e1 a nivel estatal la aplicaci\u00f3n de vacunas contra el Covid 19 para menores de entre 5 a 11 a\u00f1os de edad.<\/p>\n<p><\/p>\n<p><\/p>\n<p>El titular de la Secretar\u00eda de Salud Estatal, Cuitl\u00e1huac Gonz\u00e1lez Galindo, detall\u00f3 que la aplicaci\u00f3n de las vacunas iniciar\u00e1 a partir de las 07:00 horas, se\u00f1alando las distintas sedes:<\/p>\n<p><\/p>\n<p><\/p>\n<p>En Culiac\u00e1n: Polideportivo de la UAS, la Novena Zona Militar y el Parque Revoluci\u00f3n. En Mazatl\u00e1n: el Centro de Convenciones de Mazatl\u00e1n y el Polideportivo de la UAS. En Los Mochis: en el domo de la UAS y en el domo del Tecnol\u00f3gico de Mochis. En Guasave, el ECEA de Guasave.<\/p>\n<p><\/p>\n<p><\/p>\n<p>Gonz\u00e1lez Galindo record\u00f3 adem\u00e1s que la vacunaci\u00f3n de 12 a 17 a\u00f1os, embarazadas y mayor de 18 a\u00f1os, refuerzos y adicionales, se estar\u00e1 aplicando en esos puntos, tambi\u00e9n en la Novena Zona Militar, en Hospital Pedi\u00e1trico para 12-17 a\u00f1os y en pacientes embarazadas en el Hospital de la Mujer.<\/p>\n<p><\/p>\n<p><\/p>\n<p>En este contexto, el gobernador Rocha ofreci\u00f3 apoyo con la renta de carpas refrigeradas para lograr una mayor dispersi\u00f3n de vacunas en los municipios m\u00e1s peque\u00f1os, se\u00f1alando que en los municipios m\u00e1s grandes y densamente poblados, que se est\u00e1n atendiendo actualmente, es donde existe la mayor incidencia de casos.<\/p>\n<p><\/p>\n<p><\/p>\n<p>&#8220;Si hay el problema de log\u00edstica yo les ofrezco la posibilidad de que tengamos \u00e1reas refrigeradas, porque est\u00e1 muy caliente, no podemos exponer a los ni\u00f1os a que se nos deshidraten y se nos enfermen y nos salga peor el remedio que la enfermedad&#8221;, concluy\u00f3 el Ejecutivo Estatal.<\/p>\n<p><\/p>\n","protected":false},"excerpt":{"rendered":"<p>El gobernador Rocha anunci\u00f3 m\u00e1s espacios refrigerados para la aplicaci\u00f3n de la vacuna. Culiac\u00e1n, Sinaloa, a 04 de julio de 2022.- En el marco de la conferencia semanera que encabeza el gobernador Rub\u00e9n Rocha Moya, se dio a conocer que este Martes 05 se reanudar\u00e1 a nivel estatal la aplicaci\u00f3n de vacunas contra el Covid [&hellip;]<\/p>\n","protected":false},"author":2,"featured_media":5779,"comment_status":"closed","ping_status":"open","sticky":false,"template":"","format":"standard","meta":[],"categories":[8],"tags":[222,255,254,221],"_links":{"self":[{"href":"https:\/\/upes.edu.mx\/radio\/index.php?rest_route=\/wp\/v2\/posts\/5778"}],"collection":[{"href":"https:\/\/upes.edu.mx\/radio\/index.php?rest_route=\/wp\/v2\/posts"}],"about":[{"href":"https:\/\/upes.edu.mx\/radio\/index.php?rest_route=\/wp\/v2\/types\/post"}],"author":[{"embeddable":true,"href":"https:\/\/upes.edu.mx\/radio\/index.php?rest_route=\/wp\/v2\/users\/2"}],"replies":[{"embeddable":true,"href":"https:\/\/upes.edu.mx\/radio\/index.php?rest_route=%2Fwp%2Fv2%2Fcomments&post=5778"}],"version-history":[{"count":2,"href":"https:\/\/upes.edu.mx\/radio\/index.php?rest_route=\/wp\/v2\/posts\/5778\/revisions"}],"predecessor-version":[{"id":5785,"href":"https:\/\/upes.edu.mx\/radio\/index.php?rest_route=\/wp\/v2\/posts\/5778\/revisions\/5785"}],"wp:featuredmedia":[{"embeddable":true,"href":"https:\/\/upes.edu.mx\/radio\/index.php?rest_route=\/wp\/v2\/media\/5779"}],"wp:attachment":[{"href":"https:\/\/upes.edu.mx\/radio\/index.php?rest_route=%2Fwp%2Fv2%2Fmedia&parent=5778"}],"wp:term":[{"taxonomy":"category","embeddable":true,"href":"https:\/\/upes.edu.mx\/radio\/index.php?rest_route=%2Fwp%2Fv2%2Fcategories&post=5778"},{"taxonomy":"post_tag","embeddable":true,"href":"https:\/\/upes.edu.mx\/radio\/index.php?rest_route=%2Fwp%2Fv2%2Ftags&post=5778"}],"curies":[{"name":"wp","href":"https:\/\/api.w.org\/{rel}","templated":true}]}}