{"id":5882,"date":"2022-10-06T13:40:59","date_gmt":"2022-10-06T19:40:59","guid":{"rendered":"https:\/\/upes.edu.mx\/radio\/?p=5882"},"modified":"2024-01-19T12:14:26","modified_gmt":"2024-01-19T19:14:26","slug":"derechos-de-ninas-y-ninos","status":"publish","type":"post","link":"https:\/\/upes.edu.mx\/radio\/?p=5882","title":{"rendered":"DERECHOS DE NI\u00d1AS Y NI\u00d1OS"},"content":{"rendered":"<p><\/p>\n<p>Todas las personas menores de 18 a\u00f1os son ni\u00f1os y deben tener garantizado el goce de sus derechos, dijo este jueves un grupo de organismos y expertos de la ONU, recordando a todos los Estados que\u00a0<strong>los ni\u00f1os requieren protecci\u00f3n especial<\/strong>, sobre todo en las emergencias o crisis.<\/p>\n<p><\/p>\n<p><\/p>\n<p>Un comunicado conjunto de&nbsp;<a href=\"https:\/\/www.unicef.org\/\" target=\"_blank\" rel=\"noreferrer noopener\">UNICEF<\/a>&nbsp;y el Comit\u00e9 de los Derechos del Ni\u00f1o, entre otros firmantes, se\u00f1al\u00f3 que en la actualidad se observa un incumplimiento cada vez mayor de las obligaciones de las leyes internacionales humanitarias y de derechos humanos en todo el mundo.<\/p>\n<p><\/p>\n<p><\/p>\n<p>\u201cLos ni\u00f1os y las familias siguen siendo desplazados, mientras que los conflictos y los esfuerzos de los Estados para contrarrestar a los grupos armados, incluidos los grupos terroristas, contribuyen a\u00fan m\u00e1s a la erosi\u00f3n de los marcos de protecci\u00f3n internacional, lo que a menudo conduce a la violaci\u00f3n de los derechos de los ni\u00f1os\u201d, advirtieron.<\/p>\n<p><\/p>\n<p><\/p>\n<p>Agregaron que es especialmente preocupante que los ni\u00f1os mayores de cierta edad sean tratados como adultos o \u201cadultos j\u00f3venes\u201d al amparo de valores culturales o estrategias de seguridad nacional, ya que esto impide el ejercicio de los derechos y salvaguardas consagradas sobre la Convenci\u00f3n de los Derechos del Ni\u00f1o.<\/p>\n<p><\/p>\n<p><\/p>\n<p>\u201cHoy, llamamos a todos los Estados para que respeten sus obligaciones seg\u00fan la Convenci\u00f3n y\u00a0<strong>garanticen que todos los ni\u00f1os, sin discriminaci\u00f3n, puedan ser ni\u00f1os, crecer, aprender y jugar en un ambiente seguro<\/strong>, inclusivo y afectuoso, y prosperar con dignidad. En todas partes. Y en todo momento\u201d, apuntaron.<\/p>\n<p><\/p>\n<p><\/p>\n<p>ONU Noticias<\/p>\n<p><\/p>\n","protected":false},"excerpt":{"rendered":"<p>Todas las personas menores de 18 a\u00f1os son ni\u00f1os y deben tener garantizado el goce de sus derechos, dijo este jueves un grupo de organismos y expertos de la ONU, recordando a todos los Estados que\u00a0los ni\u00f1os requieren protecci\u00f3n especial, sobre todo en las emergencias o crisis. Un comunicado conjunto de&nbsp;UNICEF&nbsp;y el Comit\u00e9 de los [&hellip;]<\/p>\n","protected":false},"author":2,"featured_media":5883,"comment_status":"closed","ping_status":"open","sticky":false,"template":"","format":"standard","meta":[],"categories":[8],"tags":[168,280],"_links":{"self":[{"href":"https:\/\/upes.edu.mx\/radio\/index.php?rest_route=\/wp\/v2\/posts\/5882"}],"collection":[{"href":"https:\/\/upes.edu.mx\/radio\/index.php?rest_route=\/wp\/v2\/posts"}],"about":[{"href":"https:\/\/upes.edu.mx\/radio\/index.php?rest_route=\/wp\/v2\/types\/post"}],"author":[{"embeddable":true,"href":"https:\/\/upes.edu.mx\/radio\/index.php?rest_route=\/wp\/v2\/users\/2"}],"replies":[{"embeddable":true,"href":"https:\/\/upes.edu.mx\/radio\/index.php?rest_route=%2Fwp%2Fv2%2Fcomments&post=5882"}],"version-history":[{"count":1,"href":"https:\/\/upes.edu.mx\/radio\/index.php?rest_route=\/wp\/v2\/posts\/5882\/revisions"}],"predecessor-version":[{"id":5884,"href":"https:\/\/upes.edu.mx\/radio\/index.php?rest_route=\/wp\/v2\/posts\/5882\/revisions\/5884"}],"wp:featuredmedia":[{"embeddable":true,"href":"https:\/\/upes.edu.mx\/radio\/index.php?rest_route=\/wp\/v2\/media\/5883"}],"wp:attachment":[{"href":"https:\/\/upes.edu.mx\/radio\/index.php?rest_route=%2Fwp%2Fv2%2Fmedia&parent=5882"}],"wp:term":[{"taxonomy":"category","embeddable":true,"href":"https:\/\/upes.edu.mx\/radio\/index.php?rest_route=%2Fwp%2Fv2%2Fcategories&post=5882"},{"taxonomy":"post_tag","embeddable":true,"href":"https:\/\/upes.edu.mx\/radio\/index.php?rest_route=%2Fwp%2Fv2%2Ftags&post=5882"}],"curies":[{"name":"wp","href":"https:\/\/api.w.org\/{rel}","templated":true}]}}