{"id":6192,"date":"2023-01-10T15:26:56","date_gmt":"2023-01-10T22:26:56","guid":{"rendered":"https:\/\/upes.edu.mx\/radio\/?p=6192"},"modified":"2024-01-19T12:09:42","modified_gmt":"2024-01-19T19:09:42","slug":"el-banco-mundial-advierte-posible-recesion","status":"publish","type":"post","link":"https:\/\/upes.edu.mx\/radio\/?p=6192","title":{"rendered":"EL BANCO MUNDIAL ADVIERTE POSIBLE RECESI\u00d3N"},"content":{"rendered":"<p><\/p>\n<p><strong>La econom\u00eda mundial solo crecer\u00e1 un 1,7% en 2023<\/strong><\/p>\n<p><\/p>\n<p><\/p>\n<p>En similares t\u00e9rminos pesimistas se expres\u00f3 el&nbsp;<a href=\"https:\/\/www.bancomundial.org\/es\/home\" target=\"_blank\" rel=\"noreferrer noopener\">Banco Mundial<\/a>&nbsp;que<strong>&nbsp;<\/strong><strong>prev\u00e9 una desaceleraci\u00f3n del comercio mundial para este a\u00f1o del 1,7%,<\/strong><strong>&nbsp;<\/strong>una cifra bastante lejana sobre el 3% pronosticado seis meses atr\u00e1s. Para 2024 proyect\u00f3 una ligera alza de un punto porcentual -2,7%-.<\/p>\n<p><\/p>\n<p><\/p>\n<p>Seg\u00fan la edici\u00f3n m\u00e1s reciente de su informe&nbsp;Perspectivas econ\u00f3micas mundiales, la organizaci\u00f3n atribuye el freno al volumen de negocio a la elevada inflaci\u00f3n, el aumento de las tasas de inter\u00e9s, la reducci\u00f3n de las inversiones y las perturbaciones causadas por la invasi\u00f3n de Rusia a Ucrania.<\/p>\n<p><\/p>\n<p><\/p>\n<p>El Banco Mundial prev\u00e9 que el crecimiento de las econom\u00edas avanzadas disminuir\u00e1 del 2,5&nbsp;% en 2022 al 0,5&nbsp;% en 2023 y advierte que cuando se sufrieron desaceleraciones de esta magnitud fueron \u201cla antesala de una recesi\u00f3n mundial\u201d.<\/p>\n<p><\/p>\n<p><\/p>\n<p>Para los mercados emergentes y las econom\u00edas en desarrollo, excluyendo a China, la reducci\u00f3n econ\u00f3mica pasar\u00e1 del 3,8&nbsp;% en 2022 al 2,7&nbsp;% en 2023.<\/p>\n<p><\/p>\n<p><\/p>\n<p>El estudio dedica un apartado a la dif\u00edcil situaci\u00f3n en la que se encuentran 37 peque\u00f1os Estado que sufrieron una recesi\u00f3n m\u00e1s profunda como consecuencia de la\u00a0<a rel=\"noreferrer noopener\" href=\"https:\/\/news.un.org\/es\/events\/cobertura-especial-de-noticias-onu-sobre-el-coronavirus\" target=\"_blank\">COVID-19<\/a>\u00a0y tuvieron un repunte mucho m\u00e1s d\u00e9bil que otras econom\u00edas, en parte debido a las prolongadas perturbaciones que afectaron al turismo.\u00a0<\/p>\n<p><\/p>\n<p><\/p>\n<p><em>Noticias ONU, 10 de enero de 2023.<\/em><\/p>\n<p><\/p>\n","protected":false},"excerpt":{"rendered":"<p>La econom\u00eda mundial solo crecer\u00e1 un 1,7% en 2023 En similares t\u00e9rminos pesimistas se expres\u00f3 el&nbsp;Banco Mundial&nbsp;que&nbsp;prev\u00e9 una desaceleraci\u00f3n del comercio mundial para este a\u00f1o del 1,7%,&nbsp;una cifra bastante lejana sobre el 3% pronosticado seis meses atr\u00e1s. Para 2024 proyect\u00f3 una ligera alza de un punto porcentual -2,7%-. Seg\u00fan la edici\u00f3n m\u00e1s reciente de su [&hellip;]<\/p>\n","protected":false},"author":2,"featured_media":6193,"comment_status":"closed","ping_status":"open","sticky":false,"template":"","format":"standard","meta":[],"categories":[8],"tags":[448,204,447],"_links":{"self":[{"href":"https:\/\/upes.edu.mx\/radio\/index.php?rest_route=\/wp\/v2\/posts\/6192"}],"collection":[{"href":"https:\/\/upes.edu.mx\/radio\/index.php?rest_route=\/wp\/v2\/posts"}],"about":[{"href":"https:\/\/upes.edu.mx\/radio\/index.php?rest_route=\/wp\/v2\/types\/post"}],"author":[{"embeddable":true,"href":"https:\/\/upes.edu.mx\/radio\/index.php?rest_route=\/wp\/v2\/users\/2"}],"replies":[{"embeddable":true,"href":"https:\/\/upes.edu.mx\/radio\/index.php?rest_route=%2Fwp%2Fv2%2Fcomments&post=6192"}],"version-history":[{"count":1,"href":"https:\/\/upes.edu.mx\/radio\/index.php?rest_route=\/wp\/v2\/posts\/6192\/revisions"}],"predecessor-version":[{"id":6194,"href":"https:\/\/upes.edu.mx\/radio\/index.php?rest_route=\/wp\/v2\/posts\/6192\/revisions\/6194"}],"wp:featuredmedia":[{"embeddable":true,"href":"https:\/\/upes.edu.mx\/radio\/index.php?rest_route=\/wp\/v2\/media\/6193"}],"wp:attachment":[{"href":"https:\/\/upes.edu.mx\/radio\/index.php?rest_route=%2Fwp%2Fv2%2Fmedia&parent=6192"}],"wp:term":[{"taxonomy":"category","embeddable":true,"href":"https:\/\/upes.edu.mx\/radio\/index.php?rest_route=%2Fwp%2Fv2%2Fcategories&post=6192"},{"taxonomy":"post_tag","embeddable":true,"href":"https:\/\/upes.edu.mx\/radio\/index.php?rest_route=%2Fwp%2Fv2%2Ftags&post=6192"}],"curies":[{"name":"wp","href":"https:\/\/api.w.org\/{rel}","templated":true}]}}