{"id":6198,"date":"2023-01-11T15:29:55","date_gmt":"2023-01-11T22:29:55","guid":{"rendered":"https:\/\/upes.edu.mx\/radio\/?p=6198"},"modified":"2024-01-19T12:09:41","modified_gmt":"2024-01-19T19:09:41","slug":"la-ciencia-es-condicion-indispensable-para-acceder-al-bienestar-social","status":"publish","type":"post","link":"https:\/\/upes.edu.mx\/radio\/?p=6198","title":{"rendered":"LA CIENCIA ES CONDICI\u00d3N INDISPENSABLE PARA ACCEDER AL BIENESTAR SOCIAL"},"content":{"rendered":"<p><\/p>\n<p>La ciencia es una condici\u00f3n indispensable para acceder al bienestar social, puntualiz\u00f3 el director general de CONF\u00cdE, Dr. Carlos Karam Qui\u00f1ones, en conferencia conjunta con el alcalde de Sinaloa municipio, Dr. Rolando Mercado Araujo, donde anunci\u00f3 la pr\u00f3xima instalaci\u00f3n en Sinaloa de Leyva del programa itinerante Ciencia en Movimiento.<\/p>\n<p><\/p>\n<p><\/p>\n<p>\u201cLa ciencia est\u00e1 en todos lados, la ciencia es una condici\u00f3n indispensable para acceder al bienestar social\u00b8 hasta ahorita en el mundo se ha demostrado que aquellos pa\u00edses que invierten en ciencia, tecnolog\u00eda e innovaci\u00f3n, son los pa\u00edses que viven mejor, y que los pa\u00edses que no invierten lo necesario son los pa\u00edses que se quedan rezagados y que siguen importando tecnolog\u00edas caras\u201d, expres\u00f3.<\/p>\n<p><\/p>\n<p><\/p>\n<p>El titular de la Coordinaci\u00f3n General para el Fomento a la Investigaci\u00f3n Cient\u00edfica e Innovaci\u00f3n del Estado de Sinaloa expuso que el prop\u00f3sito de Ciencia en Movimiento es llevar una probadita de la ciencia, a todos los municipios de la entidad, empezando por aquellos con amplia zona rural.<\/p>\n<p><\/p>\n<p><\/p>\n<p>Se\u00f1al\u00f3 que el prop\u00f3sito m\u00e1s general del programa es reforzar el proceso de ense\u00f1anza-aprendizaje para que los alumnos de las escuelas de las zonas rural y urbana que no tienen acceso a experimentar en laboratorios ni a las ciencias duras, cuenten con esa oportunidad que les despierte el inter\u00e9s, la curiosidad, por esas ramas de la ciencia, pues a la vez se pretende reorientar la demanda educativa hacia estas disciplinas en Sinaloa.<\/p>\n<p><\/p>\n<p><\/p>\n<p>La feria de la ciencia espera atender hasta 2 mil ni\u00f1os y j\u00f3venes de la cabecera municipal y comunidades del lunes 16 al viernes 20 de enero,  en los m\u00f3dulos Museo Interactivo, Planetario CCS, Laboratorio Itinerante, Rally Anat\u00f3mico, Magia de la Ciencia, De pel\u00edcula en la ciencia, La Cochinilla y Energ\u00edas Renovables.<\/p>\n<p><\/p>\n<p><\/p>\n<p>El Dr. Karam anunci\u00f3 que los ni\u00f1os y j\u00f3venes de cada municipio donde se instale Ciencia en Movimiento ser\u00e1n premiados con una visita sin costo al Centro de Ciencias de Sinaloa, integrando grupos con base en las aptitudes sobresalientes y el aprovechamiento acad\u00e9mico de los alumnos.<\/p>\n<p><\/p>\n<p><\/p>\n<p>Por su parte, el alcalde Rolando Mercado Araujo, enfatiz\u00f3 que \u201choy los ni\u00f1os y ni\u00f1as del municipio van a tener esa oportunidad de experimentar, de que conozcan algo nuevo, y eso es la interacci\u00f3n cercana con todo ese tipo de proyectos; es algo muy importante que va a detonar la mente de esos ni\u00f1os, estamos trabajando para ello en coordinaci\u00f3n con todas las escuelas\u201d.<\/p>\n<p><\/p>\n<p><\/p>\n<p><em>Con informaci\u00f3n del Centro de Ciencias de Sinaloa. Sinaloa de Leyva, Sin., a 11 de enero de 2023.<\/em><\/p>\n<p><\/p>\n","protected":false},"excerpt":{"rendered":"<p>La ciencia es una condici\u00f3n indispensable para acceder al bienestar social, puntualiz\u00f3 el director general de CONF\u00cdE, Dr. Carlos Karam Qui\u00f1ones, en conferencia conjunta con el alcalde de Sinaloa municipio, Dr. Rolando Mercado Araujo, donde anunci\u00f3 la pr\u00f3xima instalaci\u00f3n en Sinaloa de Leyva del programa itinerante Ciencia en Movimiento. \u201cLa ciencia est\u00e1 en todos lados, [&hellip;]<\/p>\n","protected":false},"author":2,"featured_media":6199,"comment_status":"closed","ping_status":"open","sticky":false,"template":"","format":"standard","meta":[],"categories":[8],"tags":[158,107,195,159],"_links":{"self":[{"href":"https:\/\/upes.edu.mx\/radio\/index.php?rest_route=\/wp\/v2\/posts\/6198"}],"collection":[{"href":"https:\/\/upes.edu.mx\/radio\/index.php?rest_route=\/wp\/v2\/posts"}],"about":[{"href":"https:\/\/upes.edu.mx\/radio\/index.php?rest_route=\/wp\/v2\/types\/post"}],"author":[{"embeddable":true,"href":"https:\/\/upes.edu.mx\/radio\/index.php?rest_route=\/wp\/v2\/users\/2"}],"replies":[{"embeddable":true,"href":"https:\/\/upes.edu.mx\/radio\/index.php?rest_route=%2Fwp%2Fv2%2Fcomments&post=6198"}],"version-history":[{"count":1,"href":"https:\/\/upes.edu.mx\/radio\/index.php?rest_route=\/wp\/v2\/posts\/6198\/revisions"}],"predecessor-version":[{"id":6200,"href":"https:\/\/upes.edu.mx\/radio\/index.php?rest_route=\/wp\/v2\/posts\/6198\/revisions\/6200"}],"wp:featuredmedia":[{"embeddable":true,"href":"https:\/\/upes.edu.mx\/radio\/index.php?rest_route=\/wp\/v2\/media\/6199"}],"wp:attachment":[{"href":"https:\/\/upes.edu.mx\/radio\/index.php?rest_route=%2Fwp%2Fv2%2Fmedia&parent=6198"}],"wp:term":[{"taxonomy":"category","embeddable":true,"href":"https:\/\/upes.edu.mx\/radio\/index.php?rest_route=%2Fwp%2Fv2%2Fcategories&post=6198"},{"taxonomy":"post_tag","embeddable":true,"href":"https:\/\/upes.edu.mx\/radio\/index.php?rest_route=%2Fwp%2Fv2%2Ftags&post=6198"}],"curies":[{"name":"wp","href":"https:\/\/api.w.org\/{rel}","templated":true}]}}