{"id":6560,"date":"2023-05-17T10:58:37","date_gmt":"2023-05-17T17:58:37","guid":{"rendered":"https:\/\/upes.edu.mx\/radio\/?p=6560"},"modified":"2024-01-19T12:08:46","modified_gmt":"2024-01-19T19:08:46","slug":"upes-firma-convenio-con-proeduca","status":"publish","type":"post","link":"https:\/\/upes.edu.mx\/radio\/?p=6560","title":{"rendered":"UPES FIRMA CONVENIO CON PROEDUCA"},"content":{"rendered":"<p><\/p>\n<p><em>Estudiantes de la UPES apoyar\u00e1n a familias de primarias p\u00fablicas de sectores con distintos tipos de vulnerabilidad<\/em>.<\/p>\n<p><\/p>\n<p><\/p>\n<p>Con el objetivo de incidir positivamente en las perspectivas de vida de familias de sectores vulnerables, la Universidad Pedag\u00f3gica del Estado de Sinaloa y Proeduca Sinaloa, I.A.P. firmaron un convenio de colaboraci\u00f3n, que permitir\u00e1 al estudiantado de la UPES realizar su servicio social con dicho objetivo.<\/p>\n<p><\/p>\n<p><\/p>\n<p>En representaci\u00f3n del rector Jes\u00fas Aar\u00f3n Quintero P\u00e9rez la Secretaria General, Silvia Evelyn Ward Bringas, destac\u00f3 que esta relaci\u00f3n con Proeduca representa un impacto positivo en la formaci\u00f3n y la pr\u00e1ctica del alumnado de la UPES.<\/p>\n<p><\/p>\n<p><\/p>\n<p>La Directora de Proeduca Sinaloa, Gabriela Guadalupe Espinoza Valenzuela, refiri\u00f3 que Produca re\u00fane un equipo multidisciplinario, a trav\u00e9s del cual se ha incidido positivamente en 300 planteles de educaci\u00f3n p\u00fablica b\u00e1sica en todo el estado. Subray\u00f3 que en esas experiencias la referencia del magn\u00edfico desempe\u00f1o del estudiantado de la UPES fue una de las motivaciones para promover la firma de este convenio.<\/p>\n<p><\/p>\n<p><\/p>\n<p>En el evento estuvieron presentes la coordinadora operativa de Proeduca Sinaloa, Marisol Rodr\u00edguez P\u00e9rez; la coordinadora estatal de Servicio Social de la UPES, Denisse Osuna Maldonado; la encargada de Innovaci\u00f3n e Implementaci\u00f3n del programa Juguemos a Aprender de Proeduca Sinaloa, Ilse Janeth Heraldez Arredondo; la directora de la Unidad Culiac\u00e1n de la UPES, Maira Lorena Zazueta Corrales; y la coordinadora estatal de Vinculaci\u00f3n Universitaria de la UPES, Nathaly Medina Angulo.<\/p>\n<p><\/p>\n<p><\/p>\n<p><em>Culiac\u00e1n, Sin., martes 16 de mayo de 2023.<\/em><\/p>\n<p><\/p>\n","protected":false},"excerpt":{"rendered":"<p>Estudiantes de la UPES apoyar\u00e1n a familias de primarias p\u00fablicas de sectores con distintos tipos de vulnerabilidad. Con el objetivo de incidir positivamente en las perspectivas de vida de familias de sectores vulnerables, la Universidad Pedag\u00f3gica del Estado de Sinaloa y Proeduca Sinaloa, I.A.P. firmaron un convenio de colaboraci\u00f3n, que permitir\u00e1 al estudiantado de la [&hellip;]<\/p>\n","protected":false},"author":2,"featured_media":6561,"comment_status":"closed","ping_status":"open","sticky":false,"template":"","format":"standard","meta":[],"categories":[8],"tags":[575,464,112],"_links":{"self":[{"href":"https:\/\/upes.edu.mx\/radio\/index.php?rest_route=\/wp\/v2\/posts\/6560"}],"collection":[{"href":"https:\/\/upes.edu.mx\/radio\/index.php?rest_route=\/wp\/v2\/posts"}],"about":[{"href":"https:\/\/upes.edu.mx\/radio\/index.php?rest_route=\/wp\/v2\/types\/post"}],"author":[{"embeddable":true,"href":"https:\/\/upes.edu.mx\/radio\/index.php?rest_route=\/wp\/v2\/users\/2"}],"replies":[{"embeddable":true,"href":"https:\/\/upes.edu.mx\/radio\/index.php?rest_route=%2Fwp%2Fv2%2Fcomments&post=6560"}],"version-history":[{"count":1,"href":"https:\/\/upes.edu.mx\/radio\/index.php?rest_route=\/wp\/v2\/posts\/6560\/revisions"}],"predecessor-version":[{"id":6562,"href":"https:\/\/upes.edu.mx\/radio\/index.php?rest_route=\/wp\/v2\/posts\/6560\/revisions\/6562"}],"wp:featuredmedia":[{"embeddable":true,"href":"https:\/\/upes.edu.mx\/radio\/index.php?rest_route=\/wp\/v2\/media\/6561"}],"wp:attachment":[{"href":"https:\/\/upes.edu.mx\/radio\/index.php?rest_route=%2Fwp%2Fv2%2Fmedia&parent=6560"}],"wp:term":[{"taxonomy":"category","embeddable":true,"href":"https:\/\/upes.edu.mx\/radio\/index.php?rest_route=%2Fwp%2Fv2%2Fcategories&post=6560"},{"taxonomy":"post_tag","embeddable":true,"href":"https:\/\/upes.edu.mx\/radio\/index.php?rest_route=%2Fwp%2Fv2%2Ftags&post=6560"}],"curies":[{"name":"wp","href":"https:\/\/api.w.org\/{rel}","templated":true}]}}