{"id":6782,"date":"2023-08-24T14:45:15","date_gmt":"2023-08-24T21:45:15","guid":{"rendered":"https:\/\/upes.edu.mx\/radio\/?p=6782"},"modified":"2024-01-19T12:08:19","modified_gmt":"2024-01-19T19:08:19","slug":"estudiantes-de-la-upes-son-esperanza-de-cambio-de-los-ambientes-sociales","status":"publish","type":"post","link":"https:\/\/upes.edu.mx\/radio\/?p=6782","title":{"rendered":"ESTUDIANTES DE LA UPES SON ESPERANZA DE CAMBIO  DE LOS AMBIENTES SOCIALES"},"content":{"rendered":"<p><\/p>\n<p>EL RECTOR JES\u00daS AAR\u00d3N QUINTERO P\u00c9REZ SE RE\u00daNE CON LA COMUNIDAD UNIVERSITARIA DE LA UNIDAD LOS MOCHIS, EN EL INICIO DEL CICLO ESCOLAR 2023-2024.<\/p>\n<p><\/p>\n<p><\/p>\n<p>&nbsp;La Universidad Pedag\u00f3gica del Estado de Sinaloa es una instituci\u00f3n generosa que cumple la misi\u00f3n fundamental de formar profesionales que fortalezcan la educaci\u00f3n estatal y nacional, pero tambi\u00e9n nuestros ambientes sociales, expres\u00f3 el rector Jes\u00fas Aar\u00f3n Quintero P\u00e9rez al reunirse con la comunidad universitaria en el inicio del nuevo ciclo escolar.<\/p>\n<p><\/p>\n<p><\/p>\n<p>El rector Quintero P\u00e9rez a\u00f1adi\u00f3 que \u201cla voz del maestro, de la maestra, del estudiante que se est\u00e1 formando lleva esta esperanza de cambio que tenemos que fortalecer desde el proceso de formaci\u00f3n como profesionales de la educaci\u00f3n\u201d.<\/p>\n<p><\/p>\n<p><\/p>\n<p>Sobre el campo de trabajo laboral para quienes egresan de las diversas licenciaturas de la UPES, el Rector expres\u00f3 que adem\u00e1s de alcanzar una plaza docente en el sistema de educaci\u00f3n p\u00fablica, pueden desempe\u00f1arse en instituciones p\u00fablicas y privadas que tienen procesos de formaci\u00f3n y capacitaci\u00f3n de personal. \u201cEl campo de trabajo es muy amplio -insisti\u00f3- tengan eso en perspectiva\u201d.<\/p>\n<p><\/p>\n<p><\/p>\n<p>Refiri\u00f3 que la UPES ofrece tambi\u00e9n la oportunidad de especializar sus estudios con su oferta de posgrado, que incluye maestr\u00edas y doctorados.<\/p>\n<p><\/p>\n<p><\/p>\n<p>Subray\u00f3 que la UPES ofrece oportunidades a nivel superior donde ninguna otra instituci\u00f3n la tiene, \u201cestamos en 14 municipios, en lugares apartados, ofreciendo las mismas oportunidades que en centros de mayor poblaci\u00f3n\u201d.<\/p>\n<p><\/p>\n<p><\/p>\n<p>El Rector reconoci\u00f3 el apoyo del personal docente, administrativo y directivo que hace posible que la UPES ofrezca condiciones propicias para la formaci\u00f3n educativa; porque \u201cen el aula no s\u00f3lo se trata de transmitir conocimientos y saberes, sino que estudiantes ejerciten la reflexi\u00f3n, el pensamiento cr\u00edtico, que sepan discernir, que piensen que tengan clara la meta, pasi\u00f3n por lo que hacemos y eso queremos que se recree en UPES, que el ambiente de la instituci\u00f3n sea tambi\u00e9n con la participaci\u00f3n del alumnado.<\/p>\n<p><\/p>\n<p><\/p>\n<p>Los Mochis, Sin., 24 de agosto de 2023.<\/p>\n<p><\/p>\n","protected":false},"excerpt":{"rendered":"<p>EL RECTOR JES\u00daS AAR\u00d3N QUINTERO P\u00c9REZ SE RE\u00daNE CON LA COMUNIDAD UNIVERSITARIA DE LA UNIDAD LOS MOCHIS, EN EL INICIO DEL CICLO ESCOLAR 2023-2024. &nbsp;La Universidad Pedag\u00f3gica del Estado de Sinaloa es una instituci\u00f3n generosa que cumple la misi\u00f3n fundamental de formar profesionales que fortalezcan la educaci\u00f3n estatal y nacional, pero tambi\u00e9n nuestros ambientes sociales, [&hellip;]<\/p>\n","protected":false},"author":2,"featured_media":6783,"comment_status":"closed","ping_status":"closed","sticky":false,"template":"","format":"standard","meta":[],"categories":[8],"tags":[278,237,626,112],"_links":{"self":[{"href":"https:\/\/upes.edu.mx\/radio\/index.php?rest_route=\/wp\/v2\/posts\/6782"}],"collection":[{"href":"https:\/\/upes.edu.mx\/radio\/index.php?rest_route=\/wp\/v2\/posts"}],"about":[{"href":"https:\/\/upes.edu.mx\/radio\/index.php?rest_route=\/wp\/v2\/types\/post"}],"author":[{"embeddable":true,"href":"https:\/\/upes.edu.mx\/radio\/index.php?rest_route=\/wp\/v2\/users\/2"}],"replies":[{"embeddable":true,"href":"https:\/\/upes.edu.mx\/radio\/index.php?rest_route=%2Fwp%2Fv2%2Fcomments&post=6782"}],"version-history":[{"count":1,"href":"https:\/\/upes.edu.mx\/radio\/index.php?rest_route=\/wp\/v2\/posts\/6782\/revisions"}],"predecessor-version":[{"id":6784,"href":"https:\/\/upes.edu.mx\/radio\/index.php?rest_route=\/wp\/v2\/posts\/6782\/revisions\/6784"}],"wp:featuredmedia":[{"embeddable":true,"href":"https:\/\/upes.edu.mx\/radio\/index.php?rest_route=\/wp\/v2\/media\/6783"}],"wp:attachment":[{"href":"https:\/\/upes.edu.mx\/radio\/index.php?rest_route=%2Fwp%2Fv2%2Fmedia&parent=6782"}],"wp:term":[{"taxonomy":"category","embeddable":true,"href":"https:\/\/upes.edu.mx\/radio\/index.php?rest_route=%2Fwp%2Fv2%2Fcategories&post=6782"},{"taxonomy":"post_tag","embeddable":true,"href":"https:\/\/upes.edu.mx\/radio\/index.php?rest_route=%2Fwp%2Fv2%2Ftags&post=6782"}],"curies":[{"name":"wp","href":"https:\/\/api.w.org\/{rel}","templated":true}]}}