{"id":7067,"date":"2024-05-30T15:05:59","date_gmt":"2024-05-30T22:05:59","guid":{"rendered":"https:\/\/upes.edu.mx\/radio\/?p=7067"},"modified":"2024-05-30T15:06:01","modified_gmt":"2024-05-30T22:06:01","slug":"instalan-puntos-de-hidratacion-en-sinaloa","status":"publish","type":"post","link":"https:\/\/upes.edu.mx\/radio\/?p=7067","title":{"rendered":"INSTALAN PUNTOS DE HIDRATACI\u00d3N EN SINALOA"},"content":{"rendered":"<p><\/p>\n<p>Ante las altas temperaturas que se registran en Sinaloa, el secretario de Salud, Dr. Cuitl\u00e1huac Gonz\u00e1lez Galindo, hizo un llamado a la poblaci\u00f3n a mantenerse bien hidratado y evitar la exposici\u00f3n al sol, esto con el fin de que no se registre alg\u00fan golpe de calor entre la poblaci\u00f3n sinaloense.<\/p>\n<p><\/p>\n<p><\/p>\n<p>El tambi\u00e9n director de los Servicios de Salud de Sinaloa, comunic\u00f3 que en el estado se instalaron los siguientes puntos de hidrataci\u00f3n: <strong>Culiac\u00e1n<\/strong>, Plazuela \u00c1lvaro Obreg\u00f3n.  <strong>Los Mochis<\/strong>, mercado Independencia y centro de la ciudad entre Zaragoza e Hidalgo. <strong>Mazatl\u00e1n<\/strong>, Valentinos y tianguis del Bosque de la Ciudad. <strong>Guasave<\/strong>, UAdeO. <strong>Guam\u00fachil<\/strong>, Plazuela municipal Pedro Infante y en la explanada del Ayuntamiento de Salvador Alvarado. <strong>Escuinapa<\/strong>, Plazuela Corona.<\/p>\n<p><\/p>\n<p><\/p>\n<p>Invit\u00f3 a la poblaci\u00f3n a realizar actividad f\u00edsica por la ma\u00f1ana o por la tarde una vez que se meta el sol y no exponerse a las altas temperaturas entre 11 de la ma\u00f1ana y 3 de la tarde. Mantener una buena hidrataci\u00f3n y en caso de malestar acudir a las unidades de salud, evitando automedicarse.<\/p>\n<p><\/p>\n<p><\/p>\n<p>Gonz\u00e1lez Galindo indic\u00f3 que, se han adquirido un total de 90 mil sobres de vida suero oral que se est\u00e1n distribuyendo en las unidades m\u00e9dicas de salud y jurisdicciones sanitarias, las cuales deben ser indicados por el personal de salud.<\/p>\n<p><\/p>\n<p><\/p>\n<p>Actualmente se han registrado 14 casos de agotamientos por calor en Sinaloa, sin ning\u00fan fallecimiento por esta causa.<\/p>\n<p><\/p>\n<p><\/p>\n<p><em>Culiac\u00e1n, Sin., 30 de mayo del 2024.<\/em><\/p>\n<p><\/p>\n","protected":false},"excerpt":{"rendered":"<p>Ante las altas temperaturas que se registran en Sinaloa, el secretario de Salud, Dr. Cuitl\u00e1huac Gonz\u00e1lez Galindo, hizo un llamado a la poblaci\u00f3n a mantenerse bien hidratado y evitar la exposici\u00f3n al sol, esto con el fin de que no se registre alg\u00fan golpe de calor entre la poblaci\u00f3n sinaloense. El tambi\u00e9n director de los [&hellip;]<\/p>\n","protected":false},"author":2,"featured_media":7068,"comment_status":"closed","ping_status":"closed","sticky":false,"template":"","format":"standard","meta":[],"categories":[8],"tags":[682,102],"_links":{"self":[{"href":"https:\/\/upes.edu.mx\/radio\/index.php?rest_route=\/wp\/v2\/posts\/7067"}],"collection":[{"href":"https:\/\/upes.edu.mx\/radio\/index.php?rest_route=\/wp\/v2\/posts"}],"about":[{"href":"https:\/\/upes.edu.mx\/radio\/index.php?rest_route=\/wp\/v2\/types\/post"}],"author":[{"embeddable":true,"href":"https:\/\/upes.edu.mx\/radio\/index.php?rest_route=\/wp\/v2\/users\/2"}],"replies":[{"embeddable":true,"href":"https:\/\/upes.edu.mx\/radio\/index.php?rest_route=%2Fwp%2Fv2%2Fcomments&post=7067"}],"version-history":[{"count":1,"href":"https:\/\/upes.edu.mx\/radio\/index.php?rest_route=\/wp\/v2\/posts\/7067\/revisions"}],"predecessor-version":[{"id":7069,"href":"https:\/\/upes.edu.mx\/radio\/index.php?rest_route=\/wp\/v2\/posts\/7067\/revisions\/7069"}],"wp:featuredmedia":[{"embeddable":true,"href":"https:\/\/upes.edu.mx\/radio\/index.php?rest_route=\/wp\/v2\/media\/7068"}],"wp:attachment":[{"href":"https:\/\/upes.edu.mx\/radio\/index.php?rest_route=%2Fwp%2Fv2%2Fmedia&parent=7067"}],"wp:term":[{"taxonomy":"category","embeddable":true,"href":"https:\/\/upes.edu.mx\/radio\/index.php?rest_route=%2Fwp%2Fv2%2Fcategories&post=7067"},{"taxonomy":"post_tag","embeddable":true,"href":"https:\/\/upes.edu.mx\/radio\/index.php?rest_route=%2Fwp%2Fv2%2Ftags&post=7067"}],"curies":[{"name":"wp","href":"https:\/\/api.w.org\/{rel}","templated":true}]}}