{"id":7135,"date":"2024-06-25T12:06:30","date_gmt":"2024-06-25T19:06:30","guid":{"rendered":"https:\/\/upes.edu.mx\/radio\/?p=7135"},"modified":"2024-06-25T12:06:31","modified_gmt":"2024-06-25T19:06:31","slug":"inicia-sinaloa-con-encanto-rural","status":"publish","type":"post","link":"https:\/\/upes.edu.mx\/radio\/?p=7135","title":{"rendered":"INICIA &#8220;SINALOA CON ENCANTO RURAL&#8221;"},"content":{"rendered":"<p><\/p>\n<p>El programa de la Secretar\u00eda de Turismo est\u00e1 encaminado a desarrollarse en los 12 Pueblos Se\u00f1oriales de la entidad y a las comunidades que tengan particularidades de un destino rural con elementos esenciales para ofertarlas tur\u00edsticamente con el prop\u00f3sito de que vengan m\u00e1s visitantes; \u201cde hecho, este programa ya se realiz\u00f3 en El Quelite, Aguacaliente de G\u00e1rate y El Recodo\u201d, dijo el representante de la Secretar\u00eda de Turismo, Ricardo Velarde C\u00e1rdenas al poner en marcha el programa junto con la presidenta municipal de Elota, Ana Karen Val Medina.<\/p>\n<p><\/p>\n<p><\/p>\n<p>Dijo que se trabaja a partir de la dignificaci\u00f3n y embellecimiento de los espacios de estas poblaciones; a trav\u00e9s de murales y callejones tem\u00e1ticos que visibilicen las tradiciones y manifestaciones culturales de los pueblos, destacando los espacios naturales con atractivo, con una ordenaci\u00f3n tur\u00edstica y sus paradores fotogr\u00e1ficos.<\/p>\n<p><\/p>\n<p><\/p>\n<p>Acompa\u00f1ados de vecinos de esta comunidad recorrieron algunos de los sitios de inter\u00e9s tur\u00edstico, como un callej\u00f3n tem\u00e1tico y dos murales; uno conmemorativo al d\u00eda de San Juan y otro m\u00e1s donde ni\u00f1as y ni\u00f1os del programa \u201cExploradores de Sinaloa\u201d plasmaron algunas de las cotidianidades de esta poblaci\u00f3n.<\/p>\n<p><\/p>\n<p><\/p>\n<p><em>Junio 25 del 2024.<\/em><\/p>\n<p><\/p>\n","protected":false},"excerpt":{"rendered":"<p>El programa de la Secretar\u00eda de Turismo est\u00e1 encaminado a desarrollarse en los 12 Pueblos Se\u00f1oriales de la entidad y a las comunidades que tengan particularidades de un destino rural con elementos esenciales para ofertarlas tur\u00edsticamente con el prop\u00f3sito de que vengan m\u00e1s visitantes; \u201cde hecho, este programa ya se realiz\u00f3 en El Quelite, Aguacaliente [&hellip;]<\/p>\n","protected":false},"author":2,"featured_media":7136,"comment_status":"closed","ping_status":"closed","sticky":false,"template":"","format":"standard","meta":[],"categories":[8],"tags":[634,208],"_links":{"self":[{"href":"https:\/\/upes.edu.mx\/radio\/index.php?rest_route=\/wp\/v2\/posts\/7135"}],"collection":[{"href":"https:\/\/upes.edu.mx\/radio\/index.php?rest_route=\/wp\/v2\/posts"}],"about":[{"href":"https:\/\/upes.edu.mx\/radio\/index.php?rest_route=\/wp\/v2\/types\/post"}],"author":[{"embeddable":true,"href":"https:\/\/upes.edu.mx\/radio\/index.php?rest_route=\/wp\/v2\/users\/2"}],"replies":[{"embeddable":true,"href":"https:\/\/upes.edu.mx\/radio\/index.php?rest_route=%2Fwp%2Fv2%2Fcomments&post=7135"}],"version-history":[{"count":1,"href":"https:\/\/upes.edu.mx\/radio\/index.php?rest_route=\/wp\/v2\/posts\/7135\/revisions"}],"predecessor-version":[{"id":7137,"href":"https:\/\/upes.edu.mx\/radio\/index.php?rest_route=\/wp\/v2\/posts\/7135\/revisions\/7137"}],"wp:featuredmedia":[{"embeddable":true,"href":"https:\/\/upes.edu.mx\/radio\/index.php?rest_route=\/wp\/v2\/media\/7136"}],"wp:attachment":[{"href":"https:\/\/upes.edu.mx\/radio\/index.php?rest_route=%2Fwp%2Fv2%2Fmedia&parent=7135"}],"wp:term":[{"taxonomy":"category","embeddable":true,"href":"https:\/\/upes.edu.mx\/radio\/index.php?rest_route=%2Fwp%2Fv2%2Fcategories&post=7135"},{"taxonomy":"post_tag","embeddable":true,"href":"https:\/\/upes.edu.mx\/radio\/index.php?rest_route=%2Fwp%2Fv2%2Ftags&post=7135"}],"curies":[{"name":"wp","href":"https:\/\/api.w.org\/{rel}","templated":true}]}}