{"id":7175,"date":"2024-07-08T15:42:38","date_gmt":"2024-07-08T22:42:38","guid":{"rendered":"https:\/\/upes.edu.mx\/radio\/?p=7175"},"modified":"2024-07-08T15:42:39","modified_gmt":"2024-07-08T22:42:39","slug":"por-iniciar-la-estimulacion-de-lluvias","status":"publish","type":"post","link":"https:\/\/upes.edu.mx\/radio\/?p=7175","title":{"rendered":"POR INICIAR LA ESTIMULACI\u00d3N DE LLUVIAS"},"content":{"rendered":"<p><\/p>\n<p>El gobernador Rub\u00e9n Rocha Moya inform\u00f3 que a partir de esta semana se podr\u00e1 iniciar con el programa.<\/p>\n<p><\/p>\n<p><\/p>\n<p>Durante su Conferencia Semanera, el mandatario estatal dio a conocer que a partir de esta semana y a m\u00e1s tardar para el 15 de julio se realizar\u00e1n los sobrevuelos con un avi\u00f3n habilitado para el programa de estimulaci\u00f3n de lluvias, con el prop\u00f3sito de incrementar las precipitaciones y que \u00e9stas representen captaciones en los embalses de las presas.<\/p>\n<p><\/p>\n<p><\/p>\n<p>El gobernador Rocha dijo que el avi\u00f3n ya se encuentra listo, y tambi\u00e9n se cuenta con el yoduro de plata necesario, y s\u00f3lo se esperan las condiciones necesarias para realizar los vuelos, como son la aparici\u00f3n de bancos de nubes suficientes para esparcir este qu\u00edmico y estimular la lluvia.<\/p>\n<p><\/p>\n<p><\/p>\n<p><em>Culiac\u00e1n, Sin., 8 de julio del 2024.<\/em><\/p>\n<p><\/p>\n<p><\/p>\n<p><\/p>\n","protected":false},"excerpt":{"rendered":"<p>El gobernador Rub\u00e9n Rocha Moya inform\u00f3 que a partir de esta semana se podr\u00e1 iniciar con el programa. Durante su Conferencia Semanera, el mandatario estatal dio a conocer que a partir de esta semana y a m\u00e1s tardar para el 15 de julio se realizar\u00e1n los sobrevuelos con un avi\u00f3n habilitado para el programa de [&hellip;]<\/p>\n","protected":false},"author":2,"featured_media":7176,"comment_status":"closed","ping_status":"closed","sticky":false,"template":"","format":"standard","meta":[],"categories":[8],"tags":[710,224,206],"_links":{"self":[{"href":"https:\/\/upes.edu.mx\/radio\/index.php?rest_route=\/wp\/v2\/posts\/7175"}],"collection":[{"href":"https:\/\/upes.edu.mx\/radio\/index.php?rest_route=\/wp\/v2\/posts"}],"about":[{"href":"https:\/\/upes.edu.mx\/radio\/index.php?rest_route=\/wp\/v2\/types\/post"}],"author":[{"embeddable":true,"href":"https:\/\/upes.edu.mx\/radio\/index.php?rest_route=\/wp\/v2\/users\/2"}],"replies":[{"embeddable":true,"href":"https:\/\/upes.edu.mx\/radio\/index.php?rest_route=%2Fwp%2Fv2%2Fcomments&post=7175"}],"version-history":[{"count":1,"href":"https:\/\/upes.edu.mx\/radio\/index.php?rest_route=\/wp\/v2\/posts\/7175\/revisions"}],"predecessor-version":[{"id":7177,"href":"https:\/\/upes.edu.mx\/radio\/index.php?rest_route=\/wp\/v2\/posts\/7175\/revisions\/7177"}],"wp:featuredmedia":[{"embeddable":true,"href":"https:\/\/upes.edu.mx\/radio\/index.php?rest_route=\/wp\/v2\/media\/7176"}],"wp:attachment":[{"href":"https:\/\/upes.edu.mx\/radio\/index.php?rest_route=%2Fwp%2Fv2%2Fmedia&parent=7175"}],"wp:term":[{"taxonomy":"category","embeddable":true,"href":"https:\/\/upes.edu.mx\/radio\/index.php?rest_route=%2Fwp%2Fv2%2Fcategories&post=7175"},{"taxonomy":"post_tag","embeddable":true,"href":"https:\/\/upes.edu.mx\/radio\/index.php?rest_route=%2Fwp%2Fv2%2Ftags&post=7175"}],"curies":[{"name":"wp","href":"https:\/\/api.w.org\/{rel}","templated":true}]}}