{"id":7264,"date":"2024-09-30T13:26:34","date_gmt":"2024-09-30T20:26:34","guid":{"rendered":"https:\/\/upes.edu.mx\/radio\/?p=7264"},"modified":"2024-09-30T13:26:36","modified_gmt":"2024-09-30T20:26:36","slug":"upes-y-cecyte-se-unen-por-la-educacion-de-la-juventud-sinaloense","status":"publish","type":"post","link":"https:\/\/upes.edu.mx\/radio\/?p=7264","title":{"rendered":"UPES Y CECYTE  SE UNEN  POR LA EDUCACI\u00d3N DE LA JUVENTUD SINALOENSE"},"content":{"rendered":"<p><\/p>\n<p>Las instituciones estamos para colaborar entre nosotros, en este caso para que el alumnado de Cecyte tenga aulas dignas en las cuales recibir la formaci\u00f3n educativa, expres\u00f3 la Secretaria General de la UPES, Silvia Evelyn Ward Bringas, en representaci\u00f3n del rector de la UPES, Jes\u00fas Aar\u00f3n Quintero P\u00e9rez,&nbsp; en el acto protocolario de firma de convenio de colaboraci\u00f3n entre la Universidad Pedag\u00f3gica del Estado de Sinaloa y el Colegio de Estudios Cient\u00edficos y Tecnol\u00f3gicos de Sinaloa.<\/p>\n<p><\/p>\n<p><\/p>\n<p>A su vez, la directora general del CECYTE Sinaloa, Emma Karina Mill\u00e1n Bueno, destac\u00f3 el apoyo de la UPES que permite atender con aulas dignas la cobertura educativa del Colegio, ofreciendo espacios dignos que fortalezcan la atenci\u00f3n de la juventud sinaloense con educaci\u00f3n en centros educativos que son tambi\u00e9n medios de paz.<\/p>\n<p><\/p>\n<p><\/p>\n<p>En la firma del convenio estuvieron tambi\u00e9n presentes por parte de CECYTE Sinaloa, la Directora de Vinculaci\u00f3n y Promoci\u00f3n Educativa, Paloma Andrade \u00c1valos; la titular del \u00e1rea Jur\u00eddica y Transparencia, Isabel Duarte Rodr\u00edguez; la jefa del Departamento de Desarrollo Institucional, Dalia Castro Bastidas y el Director del Plantel No. 1, Jos\u00e9 David Aguilar Castro. Por parte de la UPES, la secretaria encargada de Direcci\u00f3n de la Unidad Culiac\u00e1n, Maira Lorena Zazueta Corrales y la coordinadora de Vinculaci\u00f3n Universitaria, Nathaly Medina Angulo.<\/p>\n<p><\/p>\n<p><\/p>\n<p><em>Culiac\u00e1n, Sin., 30 de septiembre del 2024 (01:25 PM)<\/em><\/p>\n<p><\/p>\n","protected":false},"excerpt":{"rendered":"<p>Las instituciones estamos para colaborar entre nosotros, en este caso para que el alumnado de Cecyte tenga aulas dignas en las cuales recibir la formaci\u00f3n educativa, expres\u00f3 la Secretaria General de la UPES, Silvia Evelyn Ward Bringas, en representaci\u00f3n del rector de la UPES, Jes\u00fas Aar\u00f3n Quintero P\u00e9rez,&nbsp; en el acto protocolario de firma de [&hellip;]<\/p>\n","protected":false},"author":2,"featured_media":7265,"comment_status":"closed","ping_status":"closed","sticky":false,"template":"","format":"standard","meta":[],"categories":[8],"tags":[112],"_links":{"self":[{"href":"https:\/\/upes.edu.mx\/radio\/index.php?rest_route=\/wp\/v2\/posts\/7264"}],"collection":[{"href":"https:\/\/upes.edu.mx\/radio\/index.php?rest_route=\/wp\/v2\/posts"}],"about":[{"href":"https:\/\/upes.edu.mx\/radio\/index.php?rest_route=\/wp\/v2\/types\/post"}],"author":[{"embeddable":true,"href":"https:\/\/upes.edu.mx\/radio\/index.php?rest_route=\/wp\/v2\/users\/2"}],"replies":[{"embeddable":true,"href":"https:\/\/upes.edu.mx\/radio\/index.php?rest_route=%2Fwp%2Fv2%2Fcomments&post=7264"}],"version-history":[{"count":1,"href":"https:\/\/upes.edu.mx\/radio\/index.php?rest_route=\/wp\/v2\/posts\/7264\/revisions"}],"predecessor-version":[{"id":7266,"href":"https:\/\/upes.edu.mx\/radio\/index.php?rest_route=\/wp\/v2\/posts\/7264\/revisions\/7266"}],"wp:featuredmedia":[{"embeddable":true,"href":"https:\/\/upes.edu.mx\/radio\/index.php?rest_route=\/wp\/v2\/media\/7265"}],"wp:attachment":[{"href":"https:\/\/upes.edu.mx\/radio\/index.php?rest_route=%2Fwp%2Fv2%2Fmedia&parent=7264"}],"wp:term":[{"taxonomy":"category","embeddable":true,"href":"https:\/\/upes.edu.mx\/radio\/index.php?rest_route=%2Fwp%2Fv2%2Fcategories&post=7264"},{"taxonomy":"post_tag","embeddable":true,"href":"https:\/\/upes.edu.mx\/radio\/index.php?rest_route=%2Fwp%2Fv2%2Ftags&post=7264"}],"curies":[{"name":"wp","href":"https:\/\/api.w.org\/{rel}","templated":true}]}}