{"id":7286,"date":"2024-10-15T13:17:39","date_gmt":"2024-10-15T20:17:39","guid":{"rendered":"https:\/\/upes.edu.mx\/radio\/?p=7286"},"modified":"2024-10-15T13:17:40","modified_gmt":"2024-10-15T20:17:40","slug":"vacunate-contra-influenza-y-covid-19","status":"publish","type":"post","link":"https:\/\/upes.edu.mx\/radio\/?p=7286","title":{"rendered":"VAC\u00daNATE CONTRA INFLUENZA Y COVID-19"},"content":{"rendered":"<p><\/p>\n<p><strong>La campa\u00f1a de vacunaci\u00f3n incluye inmunizaci\u00f3n contra el VPH a ni\u00f1as de 11 a\u00f1os.<\/strong><\/p>\n<p><\/p>\n<p><\/p>\n<p>Con el fin de proteger a la poblaci\u00f3n sinaloense previo a la temporada invernal, este martes 15 de octubre arranc\u00f3 la jornada de vacunaci\u00f3n de Influenza y COVID-19, la cual estar\u00e1 vigente hasta de marzo del 2025.<\/p>\n<p><\/p>\n<p><\/p>\n<p>El secretario de Salud, Dr. Cuitl\u00e1huac Gonz\u00e1lez Galindo, inform\u00f3 que las dosis estar\u00e1n disponibles en la Secretar\u00eda de Salud, IMSS, ISSSTE, IMSS- Bienestar y tambi\u00e9n se llevar\u00e1 a las escuelas de Sinaloa.<\/p>\n<p><\/p>\n<p><\/p>\n<p>En cuanto a la vacunaci\u00f3n del Virus del Papiloma Humano (VPH) esta se inici\u00f3 a aplicar en el mes de septiembre y concluye en el mes de diciembre.<\/p>\n<p><\/p>\n<p><\/p>\n<p>Contra la influenza se aplicar\u00e1n 858 mil 894 dosis para el rango de edad de 6 meses a 59 a\u00f1os y mayores de 60 a\u00f1os.<\/p>\n<p><\/p>\n<p><\/p>\n<p>Se aplicar\u00e1n 50 mil 730 dosis de la farmac\u00e9utica Abdala, contra el Covid-19, para menores de 5 a\u00f1os de edad y poblaci\u00f3n en general.<\/p>\n<p><\/p>\n<p><\/p>\n<p>Contra el VPH se aplicar\u00e1n 41 mil 400 dosis para ni\u00f1as de quinto a\u00f1o de primaria u 11 a\u00f1os no escolarizadas.<\/p>\n<p><\/p>\n<p><\/p>\n<p><em>Culiac\u00e1n, Sin., 15 de octubre del 2024. (01:16 PM)<\/em><\/p>\n<p><\/p>\n","protected":false},"excerpt":{"rendered":"<p>La campa\u00f1a de vacunaci\u00f3n incluye inmunizaci\u00f3n contra el VPH a ni\u00f1as de 11 a\u00f1os. Con el fin de proteger a la poblaci\u00f3n sinaloense previo a la temporada invernal, este martes 15 de octubre arranc\u00f3 la jornada de vacunaci\u00f3n de Influenza y COVID-19, la cual estar\u00e1 vigente hasta de marzo del 2025. El secretario de Salud, [&hellip;]<\/p>\n","protected":false},"author":2,"featured_media":7287,"comment_status":"closed","ping_status":"closed","sticky":false,"template":"","format":"standard","meta":[],"categories":[8],"tags":[255,743,232,254,744],"_links":{"self":[{"href":"https:\/\/upes.edu.mx\/radio\/index.php?rest_route=\/wp\/v2\/posts\/7286"}],"collection":[{"href":"https:\/\/upes.edu.mx\/radio\/index.php?rest_route=\/wp\/v2\/posts"}],"about":[{"href":"https:\/\/upes.edu.mx\/radio\/index.php?rest_route=\/wp\/v2\/types\/post"}],"author":[{"embeddable":true,"href":"https:\/\/upes.edu.mx\/radio\/index.php?rest_route=\/wp\/v2\/users\/2"}],"replies":[{"embeddable":true,"href":"https:\/\/upes.edu.mx\/radio\/index.php?rest_route=%2Fwp%2Fv2%2Fcomments&post=7286"}],"version-history":[{"count":1,"href":"https:\/\/upes.edu.mx\/radio\/index.php?rest_route=\/wp\/v2\/posts\/7286\/revisions"}],"predecessor-version":[{"id":7288,"href":"https:\/\/upes.edu.mx\/radio\/index.php?rest_route=\/wp\/v2\/posts\/7286\/revisions\/7288"}],"wp:featuredmedia":[{"embeddable":true,"href":"https:\/\/upes.edu.mx\/radio\/index.php?rest_route=\/wp\/v2\/media\/7287"}],"wp:attachment":[{"href":"https:\/\/upes.edu.mx\/radio\/index.php?rest_route=%2Fwp%2Fv2%2Fmedia&parent=7286"}],"wp:term":[{"taxonomy":"category","embeddable":true,"href":"https:\/\/upes.edu.mx\/radio\/index.php?rest_route=%2Fwp%2Fv2%2Fcategories&post=7286"},{"taxonomy":"post_tag","embeddable":true,"href":"https:\/\/upes.edu.mx\/radio\/index.php?rest_route=%2Fwp%2Fv2%2Ftags&post=7286"}],"curies":[{"name":"wp","href":"https:\/\/api.w.org\/{rel}","templated":true}]}}