{"id":7444,"date":"2024-12-16T11:40:15","date_gmt":"2024-12-16T18:40:15","guid":{"rendered":"https:\/\/upes.edu.mx\/radio\/?p=7444"},"modified":"2024-12-16T11:40:16","modified_gmt":"2024-12-16T18:40:16","slug":"recibe-lazaro-fernando-rodriguez-el-premio-sinaloa-de-las-artes-2024","status":"publish","type":"post","link":"https:\/\/upes.edu.mx\/radio\/?p=7444","title":{"rendered":"RECIBE L\u00c1ZARO FERNANDO RODR\u00cdGUEZ EL PREMIO SINALOA DE LAS ARTES 2024"},"content":{"rendered":"<p><\/p>\n<p>En reconocimiento a las y los sinaloenses que, por sus m\u00e9ritos, con su obra creativa han contribuido al enriquecimiento del patrimonio cultural y al progreso del arte en Sinaloa, el gobernador Rub\u00e9n Rocha Moya, acompa\u00f1ado del director general del Instituto Sinaloense de Cultura, Juan Salvador Avil\u00e9s Ochoa y la secretaria de Educaci\u00f3n P\u00fablica Estatal, Gloria Himelda F\u00e9lix, entregaron el Premio Sinaloa de las Artes 2024 a L\u00e1zaro Fernando Rodr\u00edguez, fundador del Taller de Teatro de la UAS y director del grupo Sabaiba Teatro.<\/p>\n<p><\/p>\n<p><\/p>\n<p>Reconociendo la fruct\u00edfera trayectoria de m\u00e1s de 40 a\u00f1os del galardonado, el mandatario estatal, expres\u00f3 que, L\u00e1zaro Fernando es motivo de orgullo porque ha creado y recreado el patrimonio sinaloense, heredado de nuestros antepasados. <\/p>\n<p><\/p>\n<p><\/p>\n<p>Por su parte, el pupilo del gran Oscar Liera, hoy condecorado, agradeci\u00f3  este reconocimiento, y expres\u00f3:  &#8220;La satisfacci\u00f3n significa que hemos hecho suficiente, contentos con los que tenemos ahora, significa que hemos cumplido un deseo, que nuestro trabajo ha contribuido que la gente, tenga un momento feliz, porque el fin \u00faltimo del ser humano en su paso por el mundo es ser feliz. Satisfacci\u00f3n total&#8221;. Asimismo, rememor\u00f3 a sus compa\u00f1eros de batalla, Oscar Liera y Guillermo Arriaga, quien como \u00e9l fueron distinguidos con sendos reconocimiento.<\/p>\n<p><\/p>\n<p><\/p>\n<p>El Premio Sinaloa de las Artes est\u00e1 dotado de est\u00edmulo econ\u00f3mico, diploma y medalla de oro.<\/p>\n<p><\/p>\n<p><\/p>\n<p>El evento cont\u00f3 con la presencia de la secretaria de Educaci\u00f3n P\u00fablica estatal Gloria Himelda F\u00e9lix, los diputados Mar\u00eda Teresa Guerra Ochoa, Sthefany Rea Re\u00e1tiga y Ambrocio Ch\u00e1vez, la Diputada Federal Karina Mart\u00ednez Monta\u00f1o, as\u00ed como familiares, amigos del galardonado y miembros de la comunidad art\u00edstica sinaloense.<\/p>\n<p><\/p>\n<p><\/p>\n<p><em>Culiac\u00e1n, Sin., 14 de diciembre del 2024.<\/em><\/p>\n<p><\/p>\n","protected":false},"excerpt":{"rendered":"<p>En reconocimiento a las y los sinaloenses que, por sus m\u00e9ritos, con su obra creativa han contribuido al enriquecimiento del patrimonio cultural y al progreso del arte en Sinaloa, el gobernador Rub\u00e9n Rocha Moya, acompa\u00f1ado del director general del Instituto Sinaloense de Cultura, Juan Salvador Avil\u00e9s Ochoa y la secretaria de Educaci\u00f3n P\u00fablica Estatal, Gloria [&hellip;]<\/p>\n","protected":false},"author":2,"featured_media":7445,"comment_status":"closed","ping_status":"closed","sticky":false,"template":"","format":"standard","meta":[],"categories":[8],"tags":[129,130,259,767,745],"_links":{"self":[{"href":"https:\/\/upes.edu.mx\/radio\/index.php?rest_route=\/wp\/v2\/posts\/7444"}],"collection":[{"href":"https:\/\/upes.edu.mx\/radio\/index.php?rest_route=\/wp\/v2\/posts"}],"about":[{"href":"https:\/\/upes.edu.mx\/radio\/index.php?rest_route=\/wp\/v2\/types\/post"}],"author":[{"embeddable":true,"href":"https:\/\/upes.edu.mx\/radio\/index.php?rest_route=\/wp\/v2\/users\/2"}],"replies":[{"embeddable":true,"href":"https:\/\/upes.edu.mx\/radio\/index.php?rest_route=%2Fwp%2Fv2%2Fcomments&post=7444"}],"version-history":[{"count":1,"href":"https:\/\/upes.edu.mx\/radio\/index.php?rest_route=\/wp\/v2\/posts\/7444\/revisions"}],"predecessor-version":[{"id":7446,"href":"https:\/\/upes.edu.mx\/radio\/index.php?rest_route=\/wp\/v2\/posts\/7444\/revisions\/7446"}],"wp:featuredmedia":[{"embeddable":true,"href":"https:\/\/upes.edu.mx\/radio\/index.php?rest_route=\/wp\/v2\/media\/7445"}],"wp:attachment":[{"href":"https:\/\/upes.edu.mx\/radio\/index.php?rest_route=%2Fwp%2Fv2%2Fmedia&parent=7444"}],"wp:term":[{"taxonomy":"category","embeddable":true,"href":"https:\/\/upes.edu.mx\/radio\/index.php?rest_route=%2Fwp%2Fv2%2Fcategories&post=7444"},{"taxonomy":"post_tag","embeddable":true,"href":"https:\/\/upes.edu.mx\/radio\/index.php?rest_route=%2Fwp%2Fv2%2Ftags&post=7444"}],"curies":[{"name":"wp","href":"https:\/\/api.w.org\/{rel}","templated":true}]}}