{"id":7564,"date":"2025-03-10T13:30:19","date_gmt":"2025-03-10T20:30:19","guid":{"rendered":"https:\/\/upes.edu.mx\/radio\/?p=7564"},"modified":"2025-03-11T10:14:37","modified_gmt":"2025-03-11T17:14:37","slug":"firman-convenio-upes-icatsin-y-el-ayuntamiento-de-angostura","status":"publish","type":"post","link":"https:\/\/upes.edu.mx\/radio\/?p=7564","title":{"rendered":"FIRMAN CONVENIO UPES Y EL AYUNTAMIENTO DE ANGOSTURA"},"content":{"rendered":"<p><\/p>\n<p><strong>Estudiantes de preparatoria de Angostura ampl\u00edan sus horizontes de desarrollo al tener&nbsp; ahora la posibilidad de cursar la Licenciatura en Educaci\u00f3n.<\/strong><\/p>\n<p><\/p>\n<p><\/p>\n<p>La UPES y el Ayuntamiento de Angostura firmaron un convenio para ampliar las opciones de formaci\u00f3n profesional para las y los j\u00f3venes de este municipio, quienes ahora podr\u00e1n cursar la Licenciatura en Educaci\u00f3n en el plantel de ICATSIN en Gato de Lara.<\/p>\n<p><\/p>\n<p><\/p>\n<p>Esta suma de esfuerzos da cumplimiento con la pol\u00edtica educativa que impulsa el gobernador Rub\u00e9n Rocha Moya, para que las y los j\u00f3venes de todo Sinaloa cuenten con oportunidades de formaci\u00f3n profesional con sentido humanista, inclusivo, equitativo y de excelencia.<\/p>\n<p><\/p>\n<p><\/p>\n<p>Con el apoyo del Ayuntamiento de Angostura, que preside Alberto Rivera, a partir del ciclo escolar 2024-2025, la Universidad Pedag\u00f3gica del Estado de Sinaloa impartir\u00e1 la Licenciatura en Educaci\u00f3n en los espacios facilitados por el ICATSIN en su plantel de Gato de Lara.\u00a0<\/p>\n<p><\/p>\n<p><\/p>\n<p>Las y los j\u00f3venes de Angostura podr\u00e1n cursar la Licenciatura en Educaci\u00f3n tanto en modalidad escolarizada, asistiendo de lunes a viernes, o semiescolarizada, acudiendo s\u00f3lo los s\u00e1bados, opci\u00f3n esta \u00faltima para quienes trabajan y por su horario laboral no pueden cubrir un horario semanal no queden sin oportunidades de lograr su licenciatura.<\/p>\n<p><\/p>\n<p><\/p>\n<p>En la firma de convenio por parte de la UPES participaron el Rector, Jes\u00fas Aar\u00f3n Quintero P\u00e9rez; la Secretaria General, Silvia Evelyn Ward Bringas y la Coordinadora de Vinculaci\u00f3n Universitaria, Nathaly Medina Angulo. Por parte del Ayuntamiento de Angostura intervinieron el Secretario, Manuel Ceyca Camacho; el Director de Bienestar, Paul Gonz\u00e1lez Garc\u00eda y el titular del \u00e1rea Jur\u00eddica, V\u00edctor Hugo Espinoza Boj\u00f3rqiez. De ICATSIN atestiguaron la firma del convenio, la Directora de ICATSIN Angostura, Martha Lorena Ortiz Gonz\u00e1lez y la Jefa de la Oficina Administrativa, Ang\u00e9lica Valenzuela de la Torre.<\/p>\n<p><\/p>\n<p><\/p>\n<p><em>Gato de Lara, Angostura, 10 de marzo del 2025.<\/em><\/p>\n<p><\/p>\n","protected":false},"excerpt":{"rendered":"<p>Estudiantes de preparatoria de Angostura ampl\u00edan sus horizontes de desarrollo al tener&nbsp; ahora la posibilidad de cursar la Licenciatura en Educaci\u00f3n. La UPES y el Ayuntamiento de Angostura firmaron un convenio para ampliar las opciones de formaci\u00f3n profesional para las y los j\u00f3venes de este municipio, quienes ahora podr\u00e1n cursar la Licenciatura en Educaci\u00f3n en [&hellip;]<\/p>\n","protected":false},"author":2,"featured_media":7565,"comment_status":"closed","ping_status":"closed","sticky":false,"template":"","format":"standard","meta":[],"categories":[4,8],"tags":[786,615,112],"_links":{"self":[{"href":"https:\/\/upes.edu.mx\/radio\/index.php?rest_route=\/wp\/v2\/posts\/7564"}],"collection":[{"href":"https:\/\/upes.edu.mx\/radio\/index.php?rest_route=\/wp\/v2\/posts"}],"about":[{"href":"https:\/\/upes.edu.mx\/radio\/index.php?rest_route=\/wp\/v2\/types\/post"}],"author":[{"embeddable":true,"href":"https:\/\/upes.edu.mx\/radio\/index.php?rest_route=\/wp\/v2\/users\/2"}],"replies":[{"embeddable":true,"href":"https:\/\/upes.edu.mx\/radio\/index.php?rest_route=%2Fwp%2Fv2%2Fcomments&post=7564"}],"version-history":[{"count":2,"href":"https:\/\/upes.edu.mx\/radio\/index.php?rest_route=\/wp\/v2\/posts\/7564\/revisions"}],"predecessor-version":[{"id":7567,"href":"https:\/\/upes.edu.mx\/radio\/index.php?rest_route=\/wp\/v2\/posts\/7564\/revisions\/7567"}],"wp:featuredmedia":[{"embeddable":true,"href":"https:\/\/upes.edu.mx\/radio\/index.php?rest_route=\/wp\/v2\/media\/7565"}],"wp:attachment":[{"href":"https:\/\/upes.edu.mx\/radio\/index.php?rest_route=%2Fwp%2Fv2%2Fmedia&parent=7564"}],"wp:term":[{"taxonomy":"category","embeddable":true,"href":"https:\/\/upes.edu.mx\/radio\/index.php?rest_route=%2Fwp%2Fv2%2Fcategories&post=7564"},{"taxonomy":"post_tag","embeddable":true,"href":"https:\/\/upes.edu.mx\/radio\/index.php?rest_route=%2Fwp%2Fv2%2Ftags&post=7564"}],"curies":[{"name":"wp","href":"https:\/\/api.w.org\/{rel}","templated":true}]}}