{"id":7597,"date":"2025-04-02T15:35:51","date_gmt":"2025-04-02T22:35:51","guid":{"rendered":"https:\/\/upes.edu.mx\/radio\/?p=7597"},"modified":"2025-04-02T15:35:52","modified_gmt":"2025-04-02T22:35:52","slug":"plan-sinaloa-para-la-reactivacion-economica-y-social","status":"publish","type":"post","link":"https:\/\/upes.edu.mx\/radio\/?p=7597","title":{"rendered":"PLAN SINALOA PARA LA REACTIVACI\u00d3N ECON\u00d3MICA Y SOCIAL"},"content":{"rendered":"<p><\/p>\n<p>Con una inversi\u00f3n de 2 mil 300 millones de pesos, el gobernador Rub\u00e9n Rocha Moya dio inicio al Plan Sinaloa para la Reactivaci\u00f3n Econ\u00f3mica y Social,  proyecto que contempla 36 obras en los 20 municipios del estado, con los objetivos de impulsar la econom\u00eda a trav\u00e9s de la obra p\u00fablica, generar confianza para incentivar el turismo y la inversi\u00f3n y mejorar la infraestructura educativa y social en todo el estado.<\/p>\n<p><\/p>\n<p><\/p>\n<p>La primera parte del Plan considera la inversi\u00f3n de 1 mil 626 millones de pesos destinados a 23 obras ya licitadas.<\/p>\n<p><\/p>\n<p><\/p>\n<p>El plan comenz\u00f3 con la colocaci\u00f3n de la primera piedra de la Escuela Secundaria T\u00e9cnica No. 101 en Valle Alto, Culiac\u00e1n, la cual constar\u00e1 de 18 aulas en dos edificios, 6 talleres y 2 laboratorios, biblioteca, cafeter\u00eda y oficinas administrativas, techumbre para plaza c\u00edvica, cancha de usos m\u00faltiples con pasto sint\u00e9tico, gradas e iluminaci\u00f3n, barda perimetral, subestaci\u00f3n el\u00e9ctrica y mobiliario escolar.<\/p>\n<p><\/p>\n<p><\/p>\n<p><em>Culiac\u00e1n, Sin., 2 de abril del 2025.<\/em>.<\/p>\n<p><\/p>\n<p><\/p>\n<p><\/p>\n","protected":false},"excerpt":{"rendered":"<p>Con una inversi\u00f3n de 2 mil 300 millones de pesos, el gobernador Rub\u00e9n Rocha Moya dio inicio al Plan Sinaloa para la Reactivaci\u00f3n Econ\u00f3mica y Social, proyecto que contempla 36 obras en los 20 municipios del estado, con los objetivos de impulsar la econom\u00eda a trav\u00e9s de la obra p\u00fablica, generar confianza para incentivar el [&hellip;]<\/p>\n","protected":false},"author":2,"featured_media":7598,"comment_status":"closed","ping_status":"closed","sticky":false,"template":"","format":"standard","meta":[],"categories":[8],"tags":[204,104,159],"_links":{"self":[{"href":"https:\/\/upes.edu.mx\/radio\/index.php?rest_route=\/wp\/v2\/posts\/7597"}],"collection":[{"href":"https:\/\/upes.edu.mx\/radio\/index.php?rest_route=\/wp\/v2\/posts"}],"about":[{"href":"https:\/\/upes.edu.mx\/radio\/index.php?rest_route=\/wp\/v2\/types\/post"}],"author":[{"embeddable":true,"href":"https:\/\/upes.edu.mx\/radio\/index.php?rest_route=\/wp\/v2\/users\/2"}],"replies":[{"embeddable":true,"href":"https:\/\/upes.edu.mx\/radio\/index.php?rest_route=%2Fwp%2Fv2%2Fcomments&post=7597"}],"version-history":[{"count":1,"href":"https:\/\/upes.edu.mx\/radio\/index.php?rest_route=\/wp\/v2\/posts\/7597\/revisions"}],"predecessor-version":[{"id":7599,"href":"https:\/\/upes.edu.mx\/radio\/index.php?rest_route=\/wp\/v2\/posts\/7597\/revisions\/7599"}],"wp:featuredmedia":[{"embeddable":true,"href":"https:\/\/upes.edu.mx\/radio\/index.php?rest_route=\/wp\/v2\/media\/7598"}],"wp:attachment":[{"href":"https:\/\/upes.edu.mx\/radio\/index.php?rest_route=%2Fwp%2Fv2%2Fmedia&parent=7597"}],"wp:term":[{"taxonomy":"category","embeddable":true,"href":"https:\/\/upes.edu.mx\/radio\/index.php?rest_route=%2Fwp%2Fv2%2Fcategories&post=7597"},{"taxonomy":"post_tag","embeddable":true,"href":"https:\/\/upes.edu.mx\/radio\/index.php?rest_route=%2Fwp%2Fv2%2Ftags&post=7597"}],"curies":[{"name":"wp","href":"https:\/\/api.w.org\/{rel}","templated":true}]}}