{"id":7609,"date":"2025-04-04T14:46:19","date_gmt":"2025-04-04T21:46:19","guid":{"rendered":"https:\/\/upes.edu.mx\/radio\/?p=7609"},"modified":"2025-04-04T14:46:20","modified_gmt":"2025-04-04T21:46:20","slug":"operativo-semana-santa-sinaloa-2025","status":"publish","type":"post","link":"https:\/\/upes.edu.mx\/radio\/?p=7609","title":{"rendered":"OPERATIVO SEMANA SANTA SINALOA 2025"},"content":{"rendered":"<p><\/p>\n<p>El Instituto Estatal de Protecci\u00f3n Civil present\u00f3 el Programa Especial de Semana Santa 2025, dise\u00f1ado para garantizar la seguridad de la poblaci\u00f3n ante la alta movilidad prevista en este periodo vacacional.<\/p>\n<p><\/p>\n<p><\/p>\n<p>El director del Instituto, Roy Navarrete Cuevas, inform\u00f3 que se espera una afluencia de entre 2 y 2.4 millones de personas en el estado, con presencia en 198 zonas de resguardo, incluyendo 58 playas, 56 r\u00edos, 66 balnearios y 18 centros ceremoniales. Para atender esta demanda, se desplegar\u00e1n 2,367 elementos de auxilio con 581 veh\u00edculos en los municipios con mayor afluencia: Ahome, Guasave, Navolato, Culiac\u00e1n, Mazatl\u00e1n y San Ignacio.<\/p>\n<p><\/p>\n<p><\/p>\n<p>El operativo se basa en la experiencia de a\u00f1os anteriores. En 2024, se registraron 763 incidentes, principalmente 470 atenciones m\u00e9dicas. Para reducir riesgos, Protecci\u00f3n Civil implementar\u00e1 acciones preventivas enfocadas en la seguridad de menores, el manejo defensivo en carreteras y la correcta identificaci\u00f3n de cuerpos de auxilio.<\/p>\n<p><\/p>\n<p><\/p>\n<p>Adem\u00e1s, ante las temperaturas que superar\u00e1n los 40\u00b0C, se recomend\u00f3 a la poblaci\u00f3n mantenerse hidratada, protegerse del sol y estar atenta a las condiciones meteorol\u00f3gicas.<\/p>\n<p><\/p>\n<p><\/p>\n<p>El programa tambi\u00e9n contempla una campa\u00f1a de limpieza en playas en coordinaci\u00f3n con municipios y estrategias de concientizaci\u00f3n ciudadana para promover la prevenci\u00f3n desde el hogar.<\/p>\n<p><\/p>\n<p><\/p>\n<p>Protecci\u00f3n Civil exhorta a la poblaci\u00f3n a seguir las recomendaciones oficiales y reportar emergencias al 911.<\/p>\n<p><\/p>\n<p><\/p>\n<p><em>Culiac\u00e1n, Sin., 4 de abril del 2025.<\/em><\/p>\n<p><\/p>\n","protected":false},"excerpt":{"rendered":"<p>El Instituto Estatal de Protecci\u00f3n Civil present\u00f3 el Programa Especial de Semana Santa 2025, dise\u00f1ado para garantizar la seguridad de la poblaci\u00f3n ante la alta movilidad prevista en este periodo vacacional. El director del Instituto, Roy Navarrete Cuevas, inform\u00f3 que se espera una afluencia de entre 2 y 2.4 millones de personas en el estado, [&hellip;]<\/p>\n","protected":false},"author":2,"featured_media":7610,"comment_status":"closed","ping_status":"closed","sticky":false,"template":"","format":"standard","meta":[],"categories":[8],"tags":[226,549,159,425],"_links":{"self":[{"href":"https:\/\/upes.edu.mx\/radio\/index.php?rest_route=\/wp\/v2\/posts\/7609"}],"collection":[{"href":"https:\/\/upes.edu.mx\/radio\/index.php?rest_route=\/wp\/v2\/posts"}],"about":[{"href":"https:\/\/upes.edu.mx\/radio\/index.php?rest_route=\/wp\/v2\/types\/post"}],"author":[{"embeddable":true,"href":"https:\/\/upes.edu.mx\/radio\/index.php?rest_route=\/wp\/v2\/users\/2"}],"replies":[{"embeddable":true,"href":"https:\/\/upes.edu.mx\/radio\/index.php?rest_route=%2Fwp%2Fv2%2Fcomments&post=7609"}],"version-history":[{"count":1,"href":"https:\/\/upes.edu.mx\/radio\/index.php?rest_route=\/wp\/v2\/posts\/7609\/revisions"}],"predecessor-version":[{"id":7611,"href":"https:\/\/upes.edu.mx\/radio\/index.php?rest_route=\/wp\/v2\/posts\/7609\/revisions\/7611"}],"wp:featuredmedia":[{"embeddable":true,"href":"https:\/\/upes.edu.mx\/radio\/index.php?rest_route=\/wp\/v2\/media\/7610"}],"wp:attachment":[{"href":"https:\/\/upes.edu.mx\/radio\/index.php?rest_route=%2Fwp%2Fv2%2Fmedia&parent=7609"}],"wp:term":[{"taxonomy":"category","embeddable":true,"href":"https:\/\/upes.edu.mx\/radio\/index.php?rest_route=%2Fwp%2Fv2%2Fcategories&post=7609"},{"taxonomy":"post_tag","embeddable":true,"href":"https:\/\/upes.edu.mx\/radio\/index.php?rest_route=%2Fwp%2Fv2%2Ftags&post=7609"}],"curies":[{"name":"wp","href":"https:\/\/api.w.org\/{rel}","templated":true}]}}