{"id":7721,"date":"2025-07-10T12:39:28","date_gmt":"2025-07-10T19:39:28","guid":{"rendered":"https:\/\/upes.edu.mx\/radio\/?p=7721"},"modified":"2025-07-10T12:39:53","modified_gmt":"2025-07-10T19:39:53","slug":"regreso-el-pendulo","status":"publish","type":"post","link":"https:\/\/upes.edu.mx\/radio\/?p=7721","title":{"rendered":"\u00a1REGRES\u00d3 EL P\u00c9NDULO!"},"content":{"rendered":"<p><\/p>\n<p>Oscila de nuevo el P\u00e9ndulo de Foucault en el Centro de Ciencias de Sinaloa.<\/p>\n<p><\/p>\n<p><\/p>\n<p>Inauguran el ic\u00f3nico dispositivo que demuestra la rotaci\u00f3n de la Tierra y presentan la culminaci\u00f3n del proyecto Gesti\u00f3n Integral del Cubo Negro 8K.<\/p>\n<p><\/p>\n<p><\/p>\n<p>\u201c\u00bfQui\u00e9n no recuerda el p\u00e9ndulo a la pura entrada del Centro de Ciencias? expres\u00f3 el director general de CONF\u00cdE, Dr. Carlos Karam Qui\u00f1ones, en su mensaje de bienvenida en la ceremonia de inauguraci\u00f3n del emblem\u00e1tico dispositivo. Realmente nos alegraba la visita al Centro de Ciencias, dijo. Es un descubrimiento important\u00edsimo de mediados del Siglo XIX, cuando Foucault invent\u00f3 el p\u00e9ndulo que ahora se llama P\u00e9ndulo de Foucault, precisamente para explicar un fen\u00f3meno f\u00edsico que es la rotaci\u00f3n de la Tierra. Estamos hablando de algo revolucionario y ahora, despu\u00e9s de estos esfuerzos que hemos venido haciendo, podemos decir con mucho orgullo que tenemos de nuevo el P\u00e9ndulo de Foucault\u201d, expres\u00f3 el titular de la Coordinaci\u00f3n General para el Fomento a la Investigaci\u00f3n Cient\u00edfica e Innovaci\u00f3n del Estado de Sinaloa.<\/p>\n<p><\/p>\n<p><\/p>\n<p>El director ejecutivo del Centro de Ciencias de Sinaloa, Ing. Jos\u00e9 Mar\u00eda Conde Uraga, destac\u00f3 que el nuevo P\u00e9ndulo de Foucault del CCS es \u00fanico en su estilo al integrar un atractivo adicional, implementando la ilusi\u00f3n \u00f3ptica de una estrella o rosa de los vientos suspendida sobre un pozo \u201cinfinito\u201d. <\/p>\n<p><\/p>\n<p><\/p>\n<p>Detall\u00f3 que se conserv\u00f3 la esfera del p\u00e9ndulo anterior, \u00fanicamente se le hizo una reducci\u00f3n a su masa para hacerlo funcionar en las condiciones actuales; la esfera tiene una masa de 200 kg y est\u00e1 suspendida por un cable de 7.65 m de largo; el periodo de oscilaci\u00f3n del p\u00e9ndulo es de aproximadamente 5.55 segundos y se mantiene en movimiento por un mecanismo magn\u00e9tico para compensar la p\u00e9rdida de energ\u00eda por fricci\u00f3n.<br \/>Explic\u00f3 que el p\u00e9ndulo de Foucault se utiliza para demostrar la rotaci\u00f3n de la Tierra y se llama as\u00ed en honor a su inventor, el f\u00edsico y astr\u00f3nomo franc\u00e9s L\u00e9on Foucault, quien realiz\u00f3 la primera exposici\u00f3n p\u00fablica del dispositivo en 1851, en Par\u00eds.<\/p>\n<p><\/p>\n<p><\/p>\n<p>Respecto al Cubo Negro 8K, resalt\u00f3 que a partir de la culminaci\u00f3n del proyecto de gesti\u00f3n integral se cuenta con una infraestructura digital propia para administraci\u00f3n y generaci\u00f3n de nuevo contenido, adem\u00e1s de que se integr\u00f3 el interactivo tem\u00e1tico que viene a complementar la experiencia inmersiva \u201cLa Red de la Vida\u201d.<\/p>\n<p>Con el P\u00e9ndulo de Foucault, el CCS ofrece a sus visitantes 14 espacios museogr\u00e1ficos y aproximadamente 48 exhibiciones interactivas y otras demostrativas, entre ellos: Jard\u00edn de la Ciencia, Agua ConCienciaS, Zona f\u00f3sil, Bichos, Dinosaurios, RobotiCCS, Exposici\u00f3n de abejas, Exposici\u00f3n de adicciones, Realix, Exhibici\u00f3n de aeroponia, Blooms, Cubo Negro 8K y, por supuesto, el emblem\u00e1tico Meteorito de Bacubirito.<\/p>\n<p><\/p>\n<p><\/p>\n<p><em>Culiac\u00e1n, Sin., 9 de julio del 2025.<\/em><\/p>\n<p><\/p>\n<p><\/p>\n<p><\/p>\n","protected":false},"excerpt":{"rendered":"<p>Oscila de nuevo el P\u00e9ndulo de Foucault en el Centro de Ciencias de Sinaloa. Inauguran el ic\u00f3nico dispositivo que demuestra la rotaci\u00f3n de la Tierra y presentan la culminaci\u00f3n del proyecto Gesti\u00f3n Integral del Cubo Negro 8K. \u201c\u00bfQui\u00e9n no recuerda el p\u00e9ndulo a la pura entrada del Centro de Ciencias? expres\u00f3 el director general de [&hellip;]<\/p>\n","protected":false},"author":2,"featured_media":7722,"comment_status":"closed","ping_status":"closed","sticky":false,"template":"","format":"standard","meta":[],"categories":[8],"tags":[158],"_links":{"self":[{"href":"https:\/\/upes.edu.mx\/radio\/index.php?rest_route=\/wp\/v2\/posts\/7721"}],"collection":[{"href":"https:\/\/upes.edu.mx\/radio\/index.php?rest_route=\/wp\/v2\/posts"}],"about":[{"href":"https:\/\/upes.edu.mx\/radio\/index.php?rest_route=\/wp\/v2\/types\/post"}],"author":[{"embeddable":true,"href":"https:\/\/upes.edu.mx\/radio\/index.php?rest_route=\/wp\/v2\/users\/2"}],"replies":[{"embeddable":true,"href":"https:\/\/upes.edu.mx\/radio\/index.php?rest_route=%2Fwp%2Fv2%2Fcomments&post=7721"}],"version-history":[{"count":2,"href":"https:\/\/upes.edu.mx\/radio\/index.php?rest_route=\/wp\/v2\/posts\/7721\/revisions"}],"predecessor-version":[{"id":7724,"href":"https:\/\/upes.edu.mx\/radio\/index.php?rest_route=\/wp\/v2\/posts\/7721\/revisions\/7724"}],"wp:featuredmedia":[{"embeddable":true,"href":"https:\/\/upes.edu.mx\/radio\/index.php?rest_route=\/wp\/v2\/media\/7722"}],"wp:attachment":[{"href":"https:\/\/upes.edu.mx\/radio\/index.php?rest_route=%2Fwp%2Fv2%2Fmedia&parent=7721"}],"wp:term":[{"taxonomy":"category","embeddable":true,"href":"https:\/\/upes.edu.mx\/radio\/index.php?rest_route=%2Fwp%2Fv2%2Fcategories&post=7721"},{"taxonomy":"post_tag","embeddable":true,"href":"https:\/\/upes.edu.mx\/radio\/index.php?rest_route=%2Fwp%2Fv2%2Ftags&post=7721"}],"curies":[{"name":"wp","href":"https:\/\/api.w.org\/{rel}","templated":true}]}}