{"id":7725,"date":"2025-07-11T11:53:49","date_gmt":"2025-07-11T18:53:49","guid":{"rendered":"https:\/\/upes.edu.mx\/radio\/?p=7725"},"modified":"2025-07-11T11:53:50","modified_gmt":"2025-07-11T18:53:50","slug":"las-y-los-egresados-de-la-upes-son-embajadoras-y-embajadores-de-esta-su-universidad-expresa-el-rector-jesus-aaron-quintero-perez","status":"publish","type":"post","link":"https:\/\/upes.edu.mx\/radio\/?p=7725","title":{"rendered":"LAS Y LOS EGRESADOS DE LA UPES, SON EMBAJADORAS Y EMBAJADORES DE ESTA SU UNIVERSIDAD EXPRESA EL RECTOR JES\u00daS AAR\u00d3N QUINTERO P\u00c9REZ"},"content":{"rendered":"<p><\/p>\n<p><em>En su mensaje a la generaci\u00f3n 2021-2025 de las Licenciaturas en Educaci\u00f3n, en Pedagog\u00eda y en Intervenci\u00f3n Educativa de la Unidad Los Mochis el Rector les llama a dejar la huella de la UPES en su desempe\u00f1o profesional, as\u00ed como a seguir super\u00e1ndose.<\/em><\/p>\n<p><\/p>\n<p><\/p>\n<p><em>El Rector expres\u00f3 el agradecimiento al gobernador Rub\u00e9n Rocha Moya por su apoyo para concluir la construcci\u00f3n del Auditorio de la Unidad Los Mochis y anunci\u00f3 la edificaci\u00f3n de un nuevo m\u00f3dulo de tres niveles, 11 aulas, una secci\u00f3n de ba\u00f1os y otra de escaleras para mejorar la infraestructura educativa de la UPES.<\/em><\/p>\n<p><\/p>\n<p><\/p>\n<p>Estos son tiempos cruciales para formar profesionales de la educaci\u00f3n que promuevan el respeto, la tolerancia, la solidaridad, la inclusi\u00f3n, la libertad y la democracia, porque sin estos valores no es posible imaginar una convivencia aut\u00e9ntica en paz y con libertad, expres\u00f3 el rector Jes\u00fas Aar\u00f3n Quintero P\u00e9rez al dirigirse a la generaci\u00f3n 2021-2025 de las Licenciaturas en Educaci\u00f3n, en Pedagog\u00eda y en Intervenci\u00f3n Educativa de la Unidad Los Mochis.<\/p>\n<p><\/p>\n<p><\/p>\n<p>En su mensaje, el Rector subray\u00f3 que la UPES comparte con el gobernador Rub\u00e9n Rocha Moya la visi\u00f3n de impulsar una educaci\u00f3n con sentido de bienestar y justicia social, \u201cque nos inspira a construir un Sinaloa m\u00e1s pr\u00f3spero, m\u00e1s equitativo, m\u00e1s inclusivo, donde la convivencia y la paz sean valores cotidianos\u201d. Asimismo, manifest\u00f3 el agradecimiento al Gobernador por su respaldo permanente para concluir la construcci\u00f3n del Auditorio de la Unidad Los Mochis y anunci\u00f3 una partida financiera para la edificaci\u00f3n de un nuevo m\u00f3dulo de tres niveles, 11 aulas, una secci\u00f3n de ba\u00f1os y otra de escaleras que facilitar\u00e1n las oportunidades de una mejor infraestructura y equipamiento para realizar las actividades acad\u00e9micas.<\/p>\n<p><\/p>\n<p><\/p>\n<p>El rector Quintero P\u00e9rez llam\u00f3 a las y los egresados \u201cembajadoras y embajadores de esta su Universidad\u201d. Les pidi\u00f3 tener presente que su ejemplo, har\u00e1 que la UPES siga desarroll\u00e1ndose. \u201cLa tarea que ahora les toca a ustedes emprender, hoy que egresan y se preparan para integrarse al magisterio o para desempe\u00f1arse profesionalmente en otros \u00e1mbitos educativos, a los que deber\u00e1n llevar consigo esa vocaci\u00f3n por aprender y superarse acad\u00e9micamente siempre, ya sea en organizaciones sociales, instituciones, instancias gubernamentales o incluso en empresas. Ah\u00ed es donde debe estar presente la huella, la marca de la educaci\u00f3n que recibieron en la UPES. Una educaci\u00f3n que ustedes supieron transformar y recrear para convertirse en mejores personas\u201d. Extendi\u00f3 su \u201cm\u00e1s sincero reconocimiento a cada una y cada uno de ustedes por su talento, su esfuerzo y su compromiso constante por hacer siempre las cosas cada vez mejor\u201d.<\/p>\n<p><\/p>\n<p><\/p>\n<p>En su mensaje, el Rector hizo menci\u00f3n especial a la planta docente y administrativa actual, as\u00ed como a quienes les precedieron \u201cporque todos han aportado para que la Universidad Pedag\u00f3gica del Estado de Sinaloa sea hoy una instituci\u00f3n con reconocimiento social y prestigio acad\u00e9mico. Hemos trabajado incansablemente para consolidarnos como una instituci\u00f3n de educaci\u00f3n superior con prestigio y con verdadero reconocimiento social\u201d, reiter\u00f3.<\/p>\n<p><\/p>\n<p><\/p>\n<p>En el acto acad\u00e9mico, el rector Jes\u00fas Aar\u00f3n Quintero P\u00e9rez agradeci\u00f3 a las familias la confianza depositada en la Universidad Pedag\u00f3gica del Estado de Sinaloa para la formaci\u00f3n profesional de quienes hoy concluyen sus estudios de Licenciatura.<\/p>\n<p><\/p>\n<p><\/p>\n<p>El evento cont\u00f3 con la presencia de la directora de Educaci\u00f3n en Ahome, Kiabeth Medell\u00edn Lara; el secretario general del Instituto Municipal de la Juventud, Christian Eduardo Villase\u00f1or Montes como invitados especiales. Por parte de la Universidad Pedag\u00f3gica del Estado de Sinaloa acompa\u00f1aron al Rector, el Secretario Administrativo, F\u00e9lix Arturo C\u00e1sarez Mel\u00e9ndres; el director de la Unidad Los Mochis, Jos\u00e9 Humberto Soto Izaguirre; el subdirector Acad\u00e9mico, Ad\u00e1n Lorenzo Apodaca F\u00e9lix; la coordinadora de Programas Educativos, Flor Edith Valenzuela Valdez y la Maestra Em\u00e9rita Mayra Guadalupe Apodaca F\u00e9lix.<\/p>\n<p><\/p>\n<p><\/p>\n<p><em>Los Mochis, Sin., 10 de julio del 2025.<\/em><\/p>\n<p><\/p>\n","protected":false},"excerpt":{"rendered":"<p>En su mensaje a la generaci\u00f3n 2021-2025 de las Licenciaturas en Educaci\u00f3n, en Pedagog\u00eda y en Intervenci\u00f3n Educativa de la Unidad Los Mochis el Rector les llama a dejar la huella de la UPES en su desempe\u00f1o profesional, as\u00ed como a seguir super\u00e1ndose. El Rector expres\u00f3 el agradecimiento al gobernador Rub\u00e9n Rocha Moya por su [&hellip;]<\/p>\n","protected":false},"author":2,"featured_media":7726,"comment_status":"closed","ping_status":"closed","sticky":false,"template":"","format":"standard","meta":[],"categories":[4,8],"tags":[161,237,112],"_links":{"self":[{"href":"https:\/\/upes.edu.mx\/radio\/index.php?rest_route=\/wp\/v2\/posts\/7725"}],"collection":[{"href":"https:\/\/upes.edu.mx\/radio\/index.php?rest_route=\/wp\/v2\/posts"}],"about":[{"href":"https:\/\/upes.edu.mx\/radio\/index.php?rest_route=\/wp\/v2\/types\/post"}],"author":[{"embeddable":true,"href":"https:\/\/upes.edu.mx\/radio\/index.php?rest_route=\/wp\/v2\/users\/2"}],"replies":[{"embeddable":true,"href":"https:\/\/upes.edu.mx\/radio\/index.php?rest_route=%2Fwp%2Fv2%2Fcomments&post=7725"}],"version-history":[{"count":1,"href":"https:\/\/upes.edu.mx\/radio\/index.php?rest_route=\/wp\/v2\/posts\/7725\/revisions"}],"predecessor-version":[{"id":7727,"href":"https:\/\/upes.edu.mx\/radio\/index.php?rest_route=\/wp\/v2\/posts\/7725\/revisions\/7727"}],"wp:featuredmedia":[{"embeddable":true,"href":"https:\/\/upes.edu.mx\/radio\/index.php?rest_route=\/wp\/v2\/media\/7726"}],"wp:attachment":[{"href":"https:\/\/upes.edu.mx\/radio\/index.php?rest_route=%2Fwp%2Fv2%2Fmedia&parent=7725"}],"wp:term":[{"taxonomy":"category","embeddable":true,"href":"https:\/\/upes.edu.mx\/radio\/index.php?rest_route=%2Fwp%2Fv2%2Fcategories&post=7725"},{"taxonomy":"post_tag","embeddable":true,"href":"https:\/\/upes.edu.mx\/radio\/index.php?rest_route=%2Fwp%2Fv2%2Ftags&post=7725"}],"curies":[{"name":"wp","href":"https:\/\/api.w.org\/{rel}","templated":true}]}}