{"id":7734,"date":"2025-07-11T13:19:57","date_gmt":"2025-07-11T20:19:57","guid":{"rendered":"https:\/\/upes.edu.mx\/radio\/?p=7734"},"modified":"2025-07-11T13:19:59","modified_gmt":"2025-07-11T20:19:59","slug":"desde-mazatlan-inicia-el-operativo-vacacional-verano-2025","status":"publish","type":"post","link":"https:\/\/upes.edu.mx\/radio\/?p=7734","title":{"rendered":"DESDE MAZATL\u00c1N INICIA EL OPERATIVO VACACIONAL VERANO 2025"},"content":{"rendered":"<p><\/p>\n<p>Desde el emblem\u00e1tico puerto de Mazatl\u00e1n, el gobernador Rub\u00e9n Rocha Moya, acompa\u00f1ado de Hern\u00e1n Cort\u00e9s, comandante de la Guardia Nacional, dio el Banderazo Nacional de Inicio de Operativo Vacacional de Verano 2025, que permitir\u00e1 que los ciudadanos visiten los destinos tur\u00edsticos nacionales e internacionales con tranquilidad.<\/p>\n<p><\/p>\n<p><\/p>\n<p>El mandatario estatal se\u00f1al\u00f3 que este operativo estar\u00e1 vigente durante el periodo vacacional de verano, garantizando la protecci\u00f3n de las familias, sus bienes, adem\u00e1s de un tr\u00e1nsito seguro por las v\u00edas de comunicaci\u00f3n. Asimismo invit\u00f3 a nacionales y extranjeros a visitar y recorrer Sinaloa donde disfrutaran de destinos de sol y playa, adem\u00e1s recorrer pueblos m\u00e1gicos y se\u00f1oriales para disfrutar de la variada gastronom\u00eda, cultura y tradiciones. \u201cNo solo vamos a cuidar Mazatl\u00e1n, es todo el estado, van a tener condiciones de seguridad y va a haber ambiente de paz, tranquilo para que puedan salir adelante\u201d, afirm\u00f3 el gobernador Rocha, al tiempo que agradeci\u00f3 la presencia de los m\u00e1s de 3 mil 500 elementos de la Guardia Nacional, que de forma permanente vigilan todo el estado.<\/p>\n<p><\/p>\n<p><\/p>\n<p>\u201cEn Sinaloa hay humanismo, en Sinaloa los tratamos bien, vengan a visitarnos, tengan plena seguridad que vamos a atenderlos muy bien\u201d, precis\u00f3 el Ejecutivo estatal.<\/p>\n<p><\/p>\n<p><\/p>\n<p>El gobernador Rocha destac\u00f3 que Mazatl\u00e1n es el \u00fanico puerto en el Pac\u00edfico que tiene un bonito y atractivo Centro Hist\u00f3rico, por ello se trabaja en coordinaci\u00f3n con el INAH para mejorar la imagen urbana de la ciudad conservando su autenticidad. Tambi\u00e9n inform\u00f3 que se encuentra en planeaci\u00f3n la construcci\u00f3n del Museo de la M\u00fasica.<\/p>\n<p><\/p>\n<p><\/p>\n<p>Jes\u00fas Felipe Ju\u00e1rez Pati\u00f1o, Subsecretario de Estudios Proyectos y Desarrollo de la SSP, detall\u00f3 que, para este operativo se han dispuesto 9 mil 128 elementos operativos provenientes de instituciones federales, estatales y municipales, distribuidos en las regiones Norte, Centro y Sur del estado, enlazadas a trav\u00e9s del sistema C4 y respaldadas por una fuerza log\u00edstica que incluye 1 mil 154 veh\u00edculos oficiales, 8 helic\u00f3pteros, 422 motos y cuatrimotos, 94 ambulancias, 45 veh\u00edculos acu\u00e1ticos y el respaldo de gr\u00faas, unidades de rescate, carros y cisternas con presencia estrat\u00e9gica en todo el estado.<\/p>\n<p><\/p>\n<p><\/p>\n<p>Por su parte, la secretaria de Turismo, Mireya Sosa Osuna reconoci\u00f3 que la seguridad es un pilar fundamental para el turismo, por ello reconoci\u00f3 el esfuerzo de las autoridades para cuidar de los visitantes en carreteras, aeropuertos, centrales, puertos y puntos tur\u00edsticos para que el turismo sea una fuente de prosperidad compartida para todas y todos los mexicanos. Tambi\u00e9n destac\u00f3 el impulso y promoci\u00f3n del turismo social y comunitario del Gobernador Rocha. \u201cSabemos que la hospitalidad de los sinaloenses y los mexicanos es una fortaleza que nos distingue ante el resto del mundo\u201d, reconoci\u00f3 Sosa Osuna.<\/p>\n<p><\/p>\n<p><\/p>\n<p>La funcionaria detall\u00f3 que, de enero a junio, fomentando el turismo de reuniones, se han llevado a cabo 54 reuniones, recibiendo m\u00e1s de 150 mil asistentes y una derrama econ\u00f3mica superior a los mil 500 millones de pesos, se han recibido 61 cruceros, recibiendo a m\u00e1s de 223 mil cruceristas que arroja una derrama superior a los 350 millones de pesos.<\/p>\n<p><\/p>\n<p><\/p>\n<p><em>Mazatl\u00e1n, Sin., 11 de julio del 2025.<\/em><\/p>\n<p><\/p>\n<p><\/p>\n<p><\/p>\n<p><\/p>\n<p><\/p>\n","protected":false},"excerpt":{"rendered":"<p>Desde el emblem\u00e1tico puerto de Mazatl\u00e1n, el gobernador Rub\u00e9n Rocha Moya, acompa\u00f1ado de Hern\u00e1n Cort\u00e9s, comandante de la Guardia Nacional, dio el Banderazo Nacional de Inicio de Operativo Vacacional de Verano 2025, que permitir\u00e1 que los ciudadanos visiten los destinos tur\u00edsticos nacionales e internacionales con tranquilidad. El mandatario estatal se\u00f1al\u00f3 que este operativo estar\u00e1 vigente [&hellip;]<\/p>\n","protected":false},"author":2,"featured_media":7735,"comment_status":"closed","ping_status":"closed","sticky":false,"template":"","format":"standard","meta":[],"categories":[8],"tags":[280,159,102],"_links":{"self":[{"href":"https:\/\/upes.edu.mx\/radio\/index.php?rest_route=\/wp\/v2\/posts\/7734"}],"collection":[{"href":"https:\/\/upes.edu.mx\/radio\/index.php?rest_route=\/wp\/v2\/posts"}],"about":[{"href":"https:\/\/upes.edu.mx\/radio\/index.php?rest_route=\/wp\/v2\/types\/post"}],"author":[{"embeddable":true,"href":"https:\/\/upes.edu.mx\/radio\/index.php?rest_route=\/wp\/v2\/users\/2"}],"replies":[{"embeddable":true,"href":"https:\/\/upes.edu.mx\/radio\/index.php?rest_route=%2Fwp%2Fv2%2Fcomments&post=7734"}],"version-history":[{"count":1,"href":"https:\/\/upes.edu.mx\/radio\/index.php?rest_route=\/wp\/v2\/posts\/7734\/revisions"}],"predecessor-version":[{"id":7736,"href":"https:\/\/upes.edu.mx\/radio\/index.php?rest_route=\/wp\/v2\/posts\/7734\/revisions\/7736"}],"wp:featuredmedia":[{"embeddable":true,"href":"https:\/\/upes.edu.mx\/radio\/index.php?rest_route=\/wp\/v2\/media\/7735"}],"wp:attachment":[{"href":"https:\/\/upes.edu.mx\/radio\/index.php?rest_route=%2Fwp%2Fv2%2Fmedia&parent=7734"}],"wp:term":[{"taxonomy":"category","embeddable":true,"href":"https:\/\/upes.edu.mx\/radio\/index.php?rest_route=%2Fwp%2Fv2%2Fcategories&post=7734"},{"taxonomy":"post_tag","embeddable":true,"href":"https:\/\/upes.edu.mx\/radio\/index.php?rest_route=%2Fwp%2Fv2%2Ftags&post=7734"}],"curies":[{"name":"wp","href":"https:\/\/api.w.org\/{rel}","templated":true}]}}