{"id":7741,"date":"2025-07-14T12:15:11","date_gmt":"2025-07-14T19:15:11","guid":{"rendered":"https:\/\/upes.edu.mx\/radio\/?p=7741"},"modified":"2025-07-14T12:15:12","modified_gmt":"2025-07-14T19:15:12","slug":"culiacan-tendra-hospital-de-traumatologia-y-neurocirugia","status":"publish","type":"post","link":"https:\/\/upes.edu.mx\/radio\/?p=7741","title":{"rendered":"CULIAC\u00c1N TENDR\u00c1 HOSPITAL DE TRAUMATOLOG\u00cdA Y NEUROCIRUG\u00cdA"},"content":{"rendered":"<p><\/p>\n<p>El antiguo Hospital General de Culiac\u00e1n se destinar\u00e1 a esas especialidades.<\/p>\n<p><\/p>\n<p><\/p>\n<p>Con el fin de brindar una atenci\u00f3n inmediata a pacientes que sufran alg\u00fan accidente, el viejo Hospital General de Culiac\u00e1n ubicado por Ignacio Aldama se convertir\u00e1 en un hospital de Traumatolog\u00eda y Neurocirug\u00eda, as\u00ed lo comprometi\u00f3 la presidenta Claudia Sheinbaum Pardo, durante su visita por Sinaloa, inform\u00f3 el Gobernador del Estado, Rub\u00e9n Rocha Moya.<\/p>\n<p><\/p>\n<p><\/p>\n<p>Rocha Moya, explic\u00f3 que, la federaci\u00f3n hizo la donaci\u00f3n de este inmueble al IMSS y se estima que en un periodo de ocho meses ya est\u00e9 habilitado para atender estas especialidades.<\/p>\n<p><\/p>\n<p><\/p>\n<p>El Gobernador del Estado a\u00f1adi\u00f3 que la Presidenta tambi\u00e9n hizo el compromiso de construir el nuevo Hospital General de Guam\u00fachil, debido a que el actual tiene m\u00e1s de 15 a\u00f1os de antig\u00fcedad y no cumple con las condiciones para permanecer en funcionamiento.<\/p>\n<p><\/p>\n<p><\/p>\n<p>Por su parte, el secretario de Salud, Dr. Cuitl\u00e1huac Gonz\u00e1lez Galindo, comparti\u00f3 que, referente al tema de medicamentos en el estado, este lunes 14 de junio tiene reuni\u00f3n sobre el tema, ya que la presidenta Claudia Sheinbaum tambi\u00e9n comprometi\u00f3 que en este mes de julio se resolver\u00eda abasto de medicamentos en todas las instituciones de salud.<\/p>\n<p><\/p>\n<p><\/p>\n<p>Durante la visita de los funcionarios federales se anunci\u00f3 la sustituci\u00f3n del antiguo Hospital General de Guam\u00fachil, donde se invertir\u00e1n 450 millones de pesos; tambi\u00e9n se destinar\u00e1n otros 180 millones de pesos para hacer funcionar al 100 por ciento los 54 quir\u00f3fanos que existen en los diversos hospitales p\u00fablicos del Estado.<\/p>\n<p><\/p>\n<p><\/p>\n<p><em>Culiac\u00e1n, Sin., 14 de julio del 2025.<\/em><\/p>\n<p><\/p>\n","protected":false},"excerpt":{"rendered":"<p>El antiguo Hospital General de Culiac\u00e1n se destinar\u00e1 a esas especialidades. Con el fin de brindar una atenci\u00f3n inmediata a pacientes que sufran alg\u00fan accidente, el viejo Hospital General de Culiac\u00e1n ubicado por Ignacio Aldama se convertir\u00e1 en un hospital de Traumatolog\u00eda y Neurocirug\u00eda, as\u00ed lo comprometi\u00f3 la presidenta Claudia Sheinbaum Pardo, durante su visita [&hellip;]<\/p>\n","protected":false},"author":2,"featured_media":7742,"comment_status":"closed","ping_status":"closed","sticky":false,"template":"","format":"standard","meta":[],"categories":[8],"tags":[232],"_links":{"self":[{"href":"https:\/\/upes.edu.mx\/radio\/index.php?rest_route=\/wp\/v2\/posts\/7741"}],"collection":[{"href":"https:\/\/upes.edu.mx\/radio\/index.php?rest_route=\/wp\/v2\/posts"}],"about":[{"href":"https:\/\/upes.edu.mx\/radio\/index.php?rest_route=\/wp\/v2\/types\/post"}],"author":[{"embeddable":true,"href":"https:\/\/upes.edu.mx\/radio\/index.php?rest_route=\/wp\/v2\/users\/2"}],"replies":[{"embeddable":true,"href":"https:\/\/upes.edu.mx\/radio\/index.php?rest_route=%2Fwp%2Fv2%2Fcomments&post=7741"}],"version-history":[{"count":1,"href":"https:\/\/upes.edu.mx\/radio\/index.php?rest_route=\/wp\/v2\/posts\/7741\/revisions"}],"predecessor-version":[{"id":7743,"href":"https:\/\/upes.edu.mx\/radio\/index.php?rest_route=\/wp\/v2\/posts\/7741\/revisions\/7743"}],"wp:featuredmedia":[{"embeddable":true,"href":"https:\/\/upes.edu.mx\/radio\/index.php?rest_route=\/wp\/v2\/media\/7742"}],"wp:attachment":[{"href":"https:\/\/upes.edu.mx\/radio\/index.php?rest_route=%2Fwp%2Fv2%2Fmedia&parent=7741"}],"wp:term":[{"taxonomy":"category","embeddable":true,"href":"https:\/\/upes.edu.mx\/radio\/index.php?rest_route=%2Fwp%2Fv2%2Fcategories&post=7741"},{"taxonomy":"post_tag","embeddable":true,"href":"https:\/\/upes.edu.mx\/radio\/index.php?rest_route=%2Fwp%2Fv2%2Ftags&post=7741"}],"curies":[{"name":"wp","href":"https:\/\/api.w.org\/{rel}","templated":true}]}}