{"id":7744,"date":"2025-07-15T12:17:06","date_gmt":"2025-07-15T19:17:06","guid":{"rendered":"https:\/\/upes.edu.mx\/radio\/?p=7744"},"modified":"2025-07-15T12:17:07","modified_gmt":"2025-07-15T19:17:07","slug":"mejorar-los-ambientes-sociales-desde-la-educacion-es-un-proposito-compartido-por-la-upes-y-el-cetis-107","status":"publish","type":"post","link":"https:\/\/upes.edu.mx\/radio\/?p=7744","title":{"rendered":"MEJORAR LOS AMBIENTES SOCIALES DESDE LA EDUCACI\u00d3N ES UN PROP\u00d3SITO COMPARTIDO POR LA UPES Y EL CETIS 107"},"content":{"rendered":"<p><\/p>\n<p>Ambas instituciones firmaron un convenio de colaboraci\u00f3n para fortalecer la formaci\u00f3n profesional docente.La UPES y el CETIS 107 firmaron un convenio de colaboraci\u00f3n para formar en pedagog\u00eda y en posgrado a la planta docente del CETIS 107, en tanto que al estudiantado y profesorado de la UPES lo fortalecer\u00e1 con capacitaci\u00f3n tecnol\u00f3gica.<\/p>\n<p><\/p>\n<p><\/p>\n<p>En un evento efectuado en el edificio de Rector\u00eda de la UPES, el rector de la Universidad Pedag\u00f3gica del Estado de Sinaloa, Jes\u00fas Aar\u00f3n Quintero P\u00e9rez, reiter\u00f3 que la UPES \u201cest\u00e1 en la mejor disposici\u00f3n de estrechar lazos de colaboraci\u00f3n que propicien el desarrollo de Sinaloa desde la educaci\u00f3n\u201d y apoyar tambi\u00e9n as\u00ed la pol\u00edtica educativa del Gobierno del Estado. En ese sentido, el Rector celebr\u00f3 la firma de este convenio que complementar\u00e1 la formaci\u00f3n del personal docente de ambas instituciones, lo cual redundar\u00e1 en beneficio del alumnado.<\/p>\n<p><\/p>\n<p><\/p>\n<p>El Director General del Centro de Estudios Tecnol\u00f3gicos, Industrial y de Servicios (CETIS) 107, Gabriel Guadalupe V\u00e1zquez Mart\u00ednez, expres\u00f3 que esa instituci\u00f3n est\u00e1 aplicada a buscar estrategias para la innovaci\u00f3n continua, que coincidan en el inter\u00e9s de la transformaci\u00f3n social.<\/p>\n<p><\/p>\n<p><\/p>\n<p>Coment\u00f3 que el CETIS 107 ha registrado un incremento en su matr\u00edcula y \u201cocupamos ayuda, ocupamos m\u00e1s capacitaci\u00f3n para estar mejor preparados para los retos que ello implica y para dar cada vez una mejor atenci\u00f3n\u201d y es ah\u00ed donde la UPES participar\u00e1 con capacitaci\u00f3n en herramientas pedag\u00f3gicas y abriendo sus oportunidades de posgrado.<\/p>\n<p><\/p>\n<p><\/p>\n<p>A su vez, la representante de la DGETI en Sinaloa, \u00c1ngela Medina Montes, refiri\u00f3 que los planteles t\u00e9cnicos cuentan con docentes formados principalmente en ingenier\u00edas y ciencias, de ah\u00ed que la vinculaci\u00f3n con la UPES sumar\u00e1 la formaci\u00f3n pedag\u00f3gica para beneficio de la planta docente y del alumnado.<\/p>\n<p><\/p>\n<p><\/p>\n<p>En el evento participaron por parte de la UPES, la Secretaria Acad\u00e9mica, Margarita Alem\u00e1n Vargas; el Secretario Administrativo, F\u00e9lix Arturo C\u00e1sarez Mel\u00e9ndrez; la Coordinadora de Educaci\u00f3n Continua, Mar\u00eda del Carmen Vea Apodaca; la Directora Estatal de Contralor\u00eda Acad\u00e9mica, Neri Carolina B\u00e1ez Rivera; el Director de Innovaci\u00f3n y Mejora Acad\u00e9mica, Rogelio Humberto Elizalde Beltr\u00e1n y la Coordinadora de Vinculaci\u00f3n Universitaria, Nathaly Medina Angulo. Estuvo tambi\u00e9n presente la titular de Vinculaci\u00f3n Estatal de la DGETI en Sinaloa, Adriana Mart\u00ednez Ur\u00edas.<\/p>\n<p><\/p>\n<p><\/p>\n<p><em>Culiac\u00e1n, Sin., 15 de julio del 2025.<\/em><\/p>\n<p><\/p>\n","protected":false},"excerpt":{"rendered":"<p>Ambas instituciones firmaron un convenio de colaboraci\u00f3n para fortalecer la formaci\u00f3n profesional docente.La UPES y el CETIS 107 firmaron un convenio de colaboraci\u00f3n para formar en pedagog\u00eda y en posgrado a la planta docente del CETIS 107, en tanto que al estudiantado y profesorado de la UPES lo fortalecer\u00e1 con capacitaci\u00f3n tecnol\u00f3gica. En un evento [&hellip;]<\/p>\n","protected":false},"author":2,"featured_media":7745,"comment_status":"closed","ping_status":"closed","sticky":false,"template":"","format":"standard","meta":[],"categories":[8],"tags":[819,820,141,112],"_links":{"self":[{"href":"https:\/\/upes.edu.mx\/radio\/index.php?rest_route=\/wp\/v2\/posts\/7744"}],"collection":[{"href":"https:\/\/upes.edu.mx\/radio\/index.php?rest_route=\/wp\/v2\/posts"}],"about":[{"href":"https:\/\/upes.edu.mx\/radio\/index.php?rest_route=\/wp\/v2\/types\/post"}],"author":[{"embeddable":true,"href":"https:\/\/upes.edu.mx\/radio\/index.php?rest_route=\/wp\/v2\/users\/2"}],"replies":[{"embeddable":true,"href":"https:\/\/upes.edu.mx\/radio\/index.php?rest_route=%2Fwp%2Fv2%2Fcomments&post=7744"}],"version-history":[{"count":1,"href":"https:\/\/upes.edu.mx\/radio\/index.php?rest_route=\/wp\/v2\/posts\/7744\/revisions"}],"predecessor-version":[{"id":7746,"href":"https:\/\/upes.edu.mx\/radio\/index.php?rest_route=\/wp\/v2\/posts\/7744\/revisions\/7746"}],"wp:featuredmedia":[{"embeddable":true,"href":"https:\/\/upes.edu.mx\/radio\/index.php?rest_route=\/wp\/v2\/media\/7745"}],"wp:attachment":[{"href":"https:\/\/upes.edu.mx\/radio\/index.php?rest_route=%2Fwp%2Fv2%2Fmedia&parent=7744"}],"wp:term":[{"taxonomy":"category","embeddable":true,"href":"https:\/\/upes.edu.mx\/radio\/index.php?rest_route=%2Fwp%2Fv2%2Fcategories&post=7744"},{"taxonomy":"post_tag","embeddable":true,"href":"https:\/\/upes.edu.mx\/radio\/index.php?rest_route=%2Fwp%2Fv2%2Ftags&post=7744"}],"curies":[{"name":"wp","href":"https:\/\/api.w.org\/{rel}","templated":true}]}}