{"id":7775,"date":"2025-08-21T11:25:41","date_gmt":"2025-08-21T18:25:41","guid":{"rendered":"https:\/\/upes.edu.mx\/radio\/?p=7775"},"modified":"2025-08-21T11:25:42","modified_gmt":"2025-08-21T18:25:42","slug":"notables-avances-en-la-construccion-del-auditorio-de-la-upes-unidad-los-mochis","status":"publish","type":"post","link":"https:\/\/upes.edu.mx\/radio\/?p=7775","title":{"rendered":"NOTABLES AVANCES EN LA CONSTRUCCI\u00d3N DEL AUDITORIO DE LA UPES UNIDAD LOS MOCHIS"},"content":{"rendered":"<p><\/p>\n<p>EL RECTOR JES\u00daS AAR\u00d3N QUINTERO P\u00c9REZ RECONOCI\u00d3 EL COMPROMISO DEL PERSONAL DE LA UNIDAD.<\/p>\n<p><\/p>\n<p><\/p>\n<p>El rector Jes\u00fas Aar\u00f3n Quintero P\u00e9rez visit\u00f3 la Unidad Los Mochis para verificar los avances en la construcci\u00f3n del Auditorio, as\u00ed como la instalaci\u00f3n del nuevo transformador -toda vez que el anterior fue afectado por un rayo- y la instalaci\u00f3n el\u00e9ctrica de media tensi\u00f3n, que ser\u00e1 necesaria para atender la demanda de energ\u00eda del Auditorio y de la ampliaci\u00f3n en el n\u00famero de aulas.<\/p>\n<p><\/p>\n<p><\/p>\n<p>En el recorrido por las instalaciones, el Rector de la UPES reconoci\u00f3 el compromiso del personal de la Unidad que durante los d\u00edas en que el edificio estuvo sin energ\u00eda el\u00e9ctrica, encontr\u00f3 formas creativas de continuar atendiendo los temas inmediatos.<\/p>\n<p><\/p>\n<p><\/p>\n<p>En esta visita, el Rector estuvo acompa\u00f1ado por el titular de Servicios Generales de la UPES, Jairo Daniel P\u00e9rez Valdez y de la arquitecta Perla Jatziry Rodriguez L\u00f2pez, y junto con el Director de la Unidad Los Mochis, Jos\u00e9 Humberto Soto Izaguirre, vieron lo relacionado a la construcci\u00f3n del \u00e1rea de jardines y estacionamiento de la Unidad.<\/p>\n<p><\/p>\n<p><\/p>\n<p>El rector Jes\u00fas Aar\u00f3n Quintero P\u00e9rez reiter\u00f3 que estas obras se encaminan a brindar mejores condiciones para el proceso de ense\u00f1anza y aprendizaje de quienes cursan su licenciatura o posgrado en la UPES, en atenci\u00f3n a la pol\u00edtica educativa humanista del gobernador Rub\u00e9n Rocha Moya para que las y los j\u00f3venes sinaloenses tengan acceso a una educaci\u00f3n de calidad en el mejor entorno posible.<\/p>\n<p><\/p>\n<p><\/p>\n<p><em>Los Mochis, Sin., 20 de agosto del 2025.<\/em><\/p>\n<p><\/p>\n","protected":false},"excerpt":{"rendered":"<p>EL RECTOR JES\u00daS AAR\u00d3N QUINTERO P\u00c9REZ RECONOCI\u00d3 EL COMPROMISO DEL PERSONAL DE LA UNIDAD. El rector Jes\u00fas Aar\u00f3n Quintero P\u00e9rez visit\u00f3 la Unidad Los Mochis para verificar los avances en la construcci\u00f3n del Auditorio, as\u00ed como la instalaci\u00f3n del nuevo transformador -toda vez que el anterior fue afectado por un rayo- y la instalaci\u00f3n el\u00e9ctrica [&hellip;]<\/p>\n","protected":false},"author":2,"featured_media":7776,"comment_status":"closed","ping_status":"closed","sticky":false,"template":"","format":"standard","meta":[],"categories":[4,8],"tags":[237,112],"_links":{"self":[{"href":"https:\/\/upes.edu.mx\/radio\/index.php?rest_route=\/wp\/v2\/posts\/7775"}],"collection":[{"href":"https:\/\/upes.edu.mx\/radio\/index.php?rest_route=\/wp\/v2\/posts"}],"about":[{"href":"https:\/\/upes.edu.mx\/radio\/index.php?rest_route=\/wp\/v2\/types\/post"}],"author":[{"embeddable":true,"href":"https:\/\/upes.edu.mx\/radio\/index.php?rest_route=\/wp\/v2\/users\/2"}],"replies":[{"embeddable":true,"href":"https:\/\/upes.edu.mx\/radio\/index.php?rest_route=%2Fwp%2Fv2%2Fcomments&post=7775"}],"version-history":[{"count":1,"href":"https:\/\/upes.edu.mx\/radio\/index.php?rest_route=\/wp\/v2\/posts\/7775\/revisions"}],"predecessor-version":[{"id":7777,"href":"https:\/\/upes.edu.mx\/radio\/index.php?rest_route=\/wp\/v2\/posts\/7775\/revisions\/7777"}],"wp:featuredmedia":[{"embeddable":true,"href":"https:\/\/upes.edu.mx\/radio\/index.php?rest_route=\/wp\/v2\/media\/7776"}],"wp:attachment":[{"href":"https:\/\/upes.edu.mx\/radio\/index.php?rest_route=%2Fwp%2Fv2%2Fmedia&parent=7775"}],"wp:term":[{"taxonomy":"category","embeddable":true,"href":"https:\/\/upes.edu.mx\/radio\/index.php?rest_route=%2Fwp%2Fv2%2Fcategories&post=7775"},{"taxonomy":"post_tag","embeddable":true,"href":"https:\/\/upes.edu.mx\/radio\/index.php?rest_route=%2Fwp%2Fv2%2Ftags&post=7775"}],"curies":[{"name":"wp","href":"https:\/\/api.w.org\/{rel}","templated":true}]}}