{"id":7784,"date":"2025-09-03T12:28:25","date_gmt":"2025-09-03T19:28:25","guid":{"rendered":"https:\/\/upes.edu.mx\/radio\/?p=7784"},"modified":"2025-09-03T12:29:42","modified_gmt":"2025-09-03T19:29:42","slug":"mas-de-mil-millones-de-personas-viven-con-trastornos-de-salud-mental","status":"publish","type":"post","link":"https:\/\/upes.edu.mx\/radio\/?p=7784","title":{"rendered":"M\u00c1S DE MIL MILLONES DE PERSONAS VIVEN CON TRASTORNOS DE SALUD MENTAL"},"content":{"rendered":"<p><\/p>\n<p>De acuerdo con los nuevos datos publicados por la&nbsp;<a rel=\"noreferrer noopener\" href=\"http:\/\/www.who.int\/es\/\" target=\"_blank\">Organizaci\u00f3n Mundial de la Salud<\/a>&nbsp;(<a rel=\"noreferrer noopener\" href=\"http:\/\/www.who.int\/es\/\" target=\"_blank\">OMS<\/a>), m\u00e1s de mil millones de personas padecen trastornos de salud mental. Algunas de estas afecciones, como la ansiedad y la depresi\u00f3n, generan enormes costos humanos y econ\u00f3micos.<\/p>\n<p><\/p>\n<p><\/p>\n<p>Aunque muchos pa\u00edses han reforzado sus pol\u00edticas y programas, es preciso aumentar la inversi\u00f3n y la acci\u00f3n en todo el mundo para ampliar los servicios destinados a proteger y promover la salud mental de las personas, advierte la agencia sanitaria.<\/p>\n<p><\/p>\n<p><\/p>\n<p>Los trastornos de salud mental, como la ansiedad y la depresi\u00f3n, son muy frecuentes en todos los pa\u00edses y grupos poblacionales, y afectan a todas las edades y todos los niveles de ingresos.&nbsp;Constituyen la segunda causa de discapacidad prolongada, aumentan el n\u00famero de a\u00f1os de vida saludable perdidos, generan gastos en atenci\u00f3n de salud para las personas y las familias afectadas y ocasionan p\u00e9rdidas econ\u00f3micas sustanciales en todo el mundo.<\/p>\n<p><\/p>\n<p><\/p>\n<p>Se estima que, por s\u00ed solas, la depresi\u00f3n y la ansiedad cuestan a la econom\u00eda mundial alrededor de un bill\u00f3n de d\u00f3lares estadounidenses al a\u00f1o.<\/p>\n<p><\/p>\n<p><\/p>\n<p>Estas son las conclusiones de dos informes,\u00a0<em>La salud mental mundial hoy en d\u00eda\u00a0<\/em>y\u00a0<em>Atlas de salud mental 2024<\/em>. Ambos son fundamentales para orientar las estrategias de los pa\u00edses y entablar un di\u00e1logo internacional antes de la\u00a0<a rel=\"noreferrer noopener\" href=\"https:\/\/www.who.int\/teams\/noncommunicable-diseases\/on-the-road-to-2025\" target=\"_blank\">Reuni\u00f3n sobre las enfermedades no transmisibles y la promoci\u00f3n de la salud mental y el bienestar<\/a>, que tendr\u00e1 lugar en septiembre.<\/p>\n<p><\/p>\n<p><\/p>\n<p><em>La salud mental mundial hoy en d\u00eda&nbsp;<\/em>muestra que, aunque la prevalencia de los trastornos de salud mental puede variar en funci\u00f3n del sexo,&nbsp;<strong>las mujeres resultan desproporcionadamente afectadas en conjunto<\/strong>. Adem\u00e1s, revela que los trastornos m\u00e1s habituales tanto en las mujeres como en los hombres son la ansiedad y la depresi\u00f3n.<\/p>\n<p><\/p>\n<p><\/p>\n<p>El suicidio sigue siendo un problema devastador: se calcula que, en 2021, fue la causa de unas 727.000 defunciones. Se trata de&nbsp;<strong>una de las principales causas de defunci\u00f3n entre los j\u00f3venes de todos los pa\u00edses<\/strong>&nbsp;y contextos socioecon\u00f3micos.<\/p>\n<p><\/p>\n<p><\/p>\n<p>Seg\u00fan&nbsp;<em>Atlas de salud mental 2024<\/em>, los pa\u00edses han mejorado significativamente sus pol\u00edticas y planes de salud mental desde 2020.<\/p>\n<p><\/p>\n<p><\/p>\n<p>Sin embargo, pocos han promulgado leyes sobre la salud mental basadas en los derechos, y solo el 45% de los pa\u00edses se\u00f1al\u00f3 que su legislaci\u00f3n cumpl\u00eda plenamente las normas internacionales de&nbsp;<a href=\"https:\/\/news.un.org\/es\/news\/topic\/human-rights\">derechos humanos<\/a>.<\/p>\n<p><\/p>\n<p><\/p>\n<p>El Atlas tambi\u00e9n revela una preocupante falta de aumento de la inversi\u00f3n en el sector. El promedio del\u00a0gasto p\u00fablico sigue siendo apenas el 2% del presupuesto total en salud, un porcentaje que no ha variado desde 2017. Adem\u00e1s, se observan marcadas disparidades entre pa\u00edses: mientras que los de ingresos altos gastan 65 d\u00f3lares por persona en salud mental, los de ingresos bajos dedican apenas 0,04 d\u00f3lares.<\/p>\n<p><\/p>\n<p><\/p>\n<p>El informe subraya que menos del 10% de los pa\u00edses han completado la transici\u00f3n a modelos de atenci\u00f3n comunitaria.\u00a0La atenci\u00f3n hospitalaria contin\u00faa dependiendo en gran medida de los hospitales psiqui\u00e1tricos. Casi la mitad de los ingresos hospitalarios se llevan a cabo sin el consentimiento del paciente y m\u00e1s del 20% conllevan estancias superiores a un a\u00f1o.<\/p>\n<p><\/p>\n<p><\/p>\n<p>En cambio, se observa una mayor integraci\u00f3n de la salud mental en la atenci\u00f3n primaria y m\u00e1s del 80% de los pa\u00edses ofrece actualmente apoyo a la salud mental y psicosocial como parte de la respuesta a las emergencias, frente al 39% en 2020.<\/p>\n<p><\/p>\n<p><\/p>\n<p>Tambi\u00e9n ha aumentado la disponibilidad de servicios de telemedicina, aunque el acceso a ellos sigue siendo desigual.<\/p>\n<p><\/p>\n<p><\/p>\n<p>Otro dato alentador es que la mayor\u00eda de los pa\u00edses inform\u00f3 de que aplica iniciativas de promoci\u00f3n de la salud mental.&nbsp;<\/p>\n<p><\/p>\n<p><\/p>\n<p><em>Con informaci\u00f3n de Noticias ONU, 2 de septiembre del 2025.<\/em><\/p>\n<p><\/p>\n","protected":false},"excerpt":{"rendered":"<p>De acuerdo con los nuevos datos publicados por la&nbsp;Organizaci\u00f3n Mundial de la Salud&nbsp;(OMS), m\u00e1s de mil millones de personas padecen trastornos de salud mental. Algunas de estas afecciones, como la ansiedad y la depresi\u00f3n, generan enormes costos humanos y econ\u00f3micos. Aunque muchos pa\u00edses han reforzado sus pol\u00edticas y programas, es preciso aumentar la inversi\u00f3n y [&hellip;]<\/p>\n","protected":false},"author":2,"featured_media":7785,"comment_status":"closed","ping_status":"closed","sticky":false,"template":"","format":"standard","meta":[],"categories":[8],"tags":[232,312],"_links":{"self":[{"href":"https:\/\/upes.edu.mx\/radio\/index.php?rest_route=\/wp\/v2\/posts\/7784"}],"collection":[{"href":"https:\/\/upes.edu.mx\/radio\/index.php?rest_route=\/wp\/v2\/posts"}],"about":[{"href":"https:\/\/upes.edu.mx\/radio\/index.php?rest_route=\/wp\/v2\/types\/post"}],"author":[{"embeddable":true,"href":"https:\/\/upes.edu.mx\/radio\/index.php?rest_route=\/wp\/v2\/users\/2"}],"replies":[{"embeddable":true,"href":"https:\/\/upes.edu.mx\/radio\/index.php?rest_route=%2Fwp%2Fv2%2Fcomments&post=7784"}],"version-history":[{"count":2,"href":"https:\/\/upes.edu.mx\/radio\/index.php?rest_route=\/wp\/v2\/posts\/7784\/revisions"}],"predecessor-version":[{"id":7787,"href":"https:\/\/upes.edu.mx\/radio\/index.php?rest_route=\/wp\/v2\/posts\/7784\/revisions\/7787"}],"wp:featuredmedia":[{"embeddable":true,"href":"https:\/\/upes.edu.mx\/radio\/index.php?rest_route=\/wp\/v2\/media\/7785"}],"wp:attachment":[{"href":"https:\/\/upes.edu.mx\/radio\/index.php?rest_route=%2Fwp%2Fv2%2Fmedia&parent=7784"}],"wp:term":[{"taxonomy":"category","embeddable":true,"href":"https:\/\/upes.edu.mx\/radio\/index.php?rest_route=%2Fwp%2Fv2%2Fcategories&post=7784"},{"taxonomy":"post_tag","embeddable":true,"href":"https:\/\/upes.edu.mx\/radio\/index.php?rest_route=%2Fwp%2Fv2%2Ftags&post=7784"}],"curies":[{"name":"wp","href":"https:\/\/api.w.org\/{rel}","templated":true}]}}