{"id":7788,"date":"2025-09-04T15:26:50","date_gmt":"2025-09-04T22:26:50","guid":{"rendered":"https:\/\/upes.edu.mx\/radio\/?p=7788"},"modified":"2025-09-04T15:26:53","modified_gmt":"2025-09-04T22:26:53","slug":"con-llamado-a-educar-para-la-paz-inicia-ciclo-escolar-2025-2026","status":"publish","type":"post","link":"https:\/\/upes.edu.mx\/radio\/?p=7788","title":{"rendered":"CON LLAMADO A EDUCAR PARA LA PAZ, INICIA CICLO ESCOLAR 2025-2026"},"content":{"rendered":"<p><\/p>\n<p>Con un llamado a educar para la paz y para forjar ciudadanos de bien, el gobernador Rub\u00e9n Rocha Moya puso en marcha el ciclo escolar 2025-2026, dando la bienvenida de manera simb\u00f3lica al alumnado de las 6 mil 445 escuelas de nivel b\u00e1sico, en el marco de la continuaci\u00f3n por segundo a\u00f1o consecutivo de la jornada nacional Vive Saludable, Vive Feliz, donde Sinaloa destaca entre los estados con mejores resultados.<\/p>\n<p><\/p>\n<p><\/p>\n<p>Como parte de la ceremonia de inicio de ciclo escolar, el gobernador Rocha tambi\u00e9n hizo entrega de los paquetes de libros de texto gratuito que se entregar\u00e1n a todas las ni\u00f1as y ni\u00f1os de los distintos los grados que componen el nivel b\u00e1sico.<\/p>\n<p><\/p>\n<p><\/p>\n<p>Desde la renovada Escuela Primaria Sixto Osuna, en la sindicatura de Villa Uni\u00f3n, en el municipio de Mazatl\u00e1n, y acompa\u00f1ado por la secretaria de Educaci\u00f3n P\u00fablica y Cultura, Gloria Himelda F\u00e9lix Niebla; y por el secretario de Salud, Cuitl\u00e1huac Gonz\u00e1lez Galindo, el mandatario estatal celebr\u00f3 &#8220;el derecho a la educaci\u00f3n, la educaci\u00f3n para la paz, como la tienen aqu\u00ed, la educaci\u00f3n para la vida, la educaci\u00f3n para forjarnos como hombres y mujeres de bien, estos ni\u00f1os, estas ni\u00f1as que ahora est\u00e1n aqu\u00ed pues tienen la gran fortuna de venir a la escuela, hubo muchos que no tuvieron esa oportunidad\u201d.<\/p>\n<p><\/p>\n<p><\/p>\n<p>Por su parte, la secretaria Gloria Himelda F\u00e9lix Niebla inform\u00f3 que hoy los padres de familia pueden consultar con un solo clic el expediente de salud escolar de sus hijos. Hasta el momento, a\u00f1adi\u00f3, se han atendido a m\u00e1s de 80 mil ni\u00f1as y ni\u00f1os de nivel primaria.<\/p>\n<p><\/p>\n<p><\/p>\n<p>En el evento, de manera simb\u00f3lica se inaugur\u00f3 la renovada escuela Sixto Osuna, debido a que por el deterioro que presentaba el ISIFE determin\u00f3 demolerla y construir desde cero un plantel de dos edificios, con dos niveles cada uno, para albergar 18 aulas y en medio una techumbre monumental, invirti\u00e9ndose 37 millones 450 mil pesos.<\/p>\n<p><\/p>\n<p><\/p>\n<p><em>Villa Uni\u00f3n, Mazatl\u00e1n, Sin., 4 de septiembre del 2025.<\/em><\/p>\n<p><\/p>\n","protected":false},"excerpt":{"rendered":"<p>Con un llamado a educar para la paz y para forjar ciudadanos de bien, el gobernador Rub\u00e9n Rocha Moya puso en marcha el ciclo escolar 2025-2026, dando la bienvenida de manera simb\u00f3lica al alumnado de las 6 mil 445 escuelas de nivel b\u00e1sico, en el marco de la continuaci\u00f3n por segundo a\u00f1o consecutivo de la [&hellip;]<\/p>\n","protected":false},"author":2,"featured_media":7789,"comment_status":"closed","ping_status":"closed","sticky":false,"template":"","format":"standard","meta":[],"categories":[8],"tags":[278],"_links":{"self":[{"href":"https:\/\/upes.edu.mx\/radio\/index.php?rest_route=\/wp\/v2\/posts\/7788"}],"collection":[{"href":"https:\/\/upes.edu.mx\/radio\/index.php?rest_route=\/wp\/v2\/posts"}],"about":[{"href":"https:\/\/upes.edu.mx\/radio\/index.php?rest_route=\/wp\/v2\/types\/post"}],"author":[{"embeddable":true,"href":"https:\/\/upes.edu.mx\/radio\/index.php?rest_route=\/wp\/v2\/users\/2"}],"replies":[{"embeddable":true,"href":"https:\/\/upes.edu.mx\/radio\/index.php?rest_route=%2Fwp%2Fv2%2Fcomments&post=7788"}],"version-history":[{"count":1,"href":"https:\/\/upes.edu.mx\/radio\/index.php?rest_route=\/wp\/v2\/posts\/7788\/revisions"}],"predecessor-version":[{"id":7790,"href":"https:\/\/upes.edu.mx\/radio\/index.php?rest_route=\/wp\/v2\/posts\/7788\/revisions\/7790"}],"wp:featuredmedia":[{"embeddable":true,"href":"https:\/\/upes.edu.mx\/radio\/index.php?rest_route=\/wp\/v2\/media\/7789"}],"wp:attachment":[{"href":"https:\/\/upes.edu.mx\/radio\/index.php?rest_route=%2Fwp%2Fv2%2Fmedia&parent=7788"}],"wp:term":[{"taxonomy":"category","embeddable":true,"href":"https:\/\/upes.edu.mx\/radio\/index.php?rest_route=%2Fwp%2Fv2%2Fcategories&post=7788"},{"taxonomy":"post_tag","embeddable":true,"href":"https:\/\/upes.edu.mx\/radio\/index.php?rest_route=%2Fwp%2Fv2%2Ftags&post=7788"}],"curies":[{"name":"wp","href":"https:\/\/api.w.org\/{rel}","templated":true}]}}