{"id":7862,"date":"2025-10-13T13:53:57","date_gmt":"2025-10-13T20:53:57","guid":{"rendered":"https:\/\/upes.edu.mx\/radio\/?p=7862"},"modified":"2025-10-13T13:53:58","modified_gmt":"2025-10-13T20:53:58","slug":"editorial-upes-presenta-investigar-los-contextos-educativos-semilleros-de-investigacion","status":"publish","type":"post","link":"https:\/\/upes.edu.mx\/radio\/?p=7862","title":{"rendered":"EDITORIAL UPES PRESENTA &#8220;INVESTIGAR LOS CONTEXTOS EDUCATIVOS. SEMILLEROS DE INVESTIGACI\u00d3N&#8221;."},"content":{"rendered":"<p><\/p>\n<p>Reconoce el Rector de la UPES el inter\u00e9s del alumnado por desarrollar una formaci\u00f3n m\u00e1s all\u00e1 de lo que vive y recrea en las aulas.<\/p>\n<p><\/p>\n<p><\/p>\n<p>Destaca tambi\u00e9n la relaci\u00f3n del quehacer docente con experiencias pr\u00e1cticas de investigaci\u00f3n.<\/p>\n<p><\/p>\n<p><\/p>\n<p>En la UPES se alienta y promueve la formaci\u00f3n acad\u00e9mica de las y los estudiantes, integrando grupos de semilleros de investigaci\u00f3n con la gu\u00eda de maestras y maestros experimentados en la actividad investigativa, expres\u00f3 el rector Jes\u00fas Aar\u00f3n Quintero P\u00e9rez al participar en la presentaci\u00f3n del libro &#8220;Investigar los Contextos Educativos. Semilleros de Investigaci\u00f3n&#8221;, coordinado por la Dra. Silvia Evelyn Ward Bringas y la M.F.D. Mar\u00eda de la Luz Valenzuela Cervantes.<\/p>\n<p><\/p>\n<p><\/p>\n<p>El Rector de la Universidad Pedag\u00f3gica del Estado de Sinaloa se\u00f1al\u00f3 que en la Universidad Pedag\u00f3gica del Estado de Sinaloa el quehacer docente se relaciona con experiencias pr\u00e1cticas de investigaci\u00f3n, lo cual&nbsp; potencia una formaci\u00f3n&nbsp; m\u00e1s integral, a quienes han elegido a la UPES para estudiar una Licenciatura o Maestr\u00eda.<\/p>\n<p><\/p>\n<p><\/p>\n<p>El libro, publicado por Editorial UPES, da a conocer la colaboraci\u00f3n de 32 semilleristas como coautores, todos estudiantes de licenciatura o posgrado.<\/p>\n<p><\/p>\n<p><\/p>\n<p>Esta obra es la expresi\u00f3n de la continuidad de la pol\u00edtica institucional por desarrollar la investigaci\u00f3n, indic\u00f3 el Rector de la UPES, tras reconocer y destacar el profundo inter\u00e9s del estudiantado por desarrollar una formaci\u00f3n m\u00e1s all\u00e1 de lo que vive y recrea en las aulas.<\/p>\n<p><\/p>\n<p><\/p>\n<p>&#8220;Investigar los contextos educativos. Semilleros de Investigaci\u00f3n&#8221; integra resultados de nueve proyectos que son logro de cinco de las ocho L\u00edneas de Generaci\u00f3n y Aplicaci\u00f3n del Conocimiento de la UPES. La presentaci\u00f3n del libro\u00a0 fue moderada por Marcela Camarena Rodr\u00edguez y cont\u00f3 con los comentarios de Elisa Chavar\u00edn Campos, Dulce Mar\u00eda Portillo P\u00e9rez, Laura Elizabeth Trujillo Tuz y Mar\u00eda de la Luz Valenzuela Cervantes.<\/p>\n<p><\/p>\n<p><\/p>\n<p><em>Culiac\u00e1n, Sin., 12 de octubre del 2025.<\/em><\/p>\n<p><\/p>\n","protected":false},"excerpt":{"rendered":"<p>Reconoce el Rector de la UPES el inter\u00e9s del alumnado por desarrollar una formaci\u00f3n m\u00e1s all\u00e1 de lo que vive y recrea en las aulas. Destaca tambi\u00e9n la relaci\u00f3n del quehacer docente con experiencias pr\u00e1cticas de investigaci\u00f3n. En la UPES se alienta y promueve la formaci\u00f3n acad\u00e9mica de las y los estudiantes, integrando grupos de [&hellip;]<\/p>\n","protected":false},"author":2,"featured_media":7863,"comment_status":"closed","ping_status":"closed","sticky":false,"template":"","format":"standard","meta":[],"categories":[8],"tags":[333,346],"_links":{"self":[{"href":"https:\/\/upes.edu.mx\/radio\/index.php?rest_route=\/wp\/v2\/posts\/7862"}],"collection":[{"href":"https:\/\/upes.edu.mx\/radio\/index.php?rest_route=\/wp\/v2\/posts"}],"about":[{"href":"https:\/\/upes.edu.mx\/radio\/index.php?rest_route=\/wp\/v2\/types\/post"}],"author":[{"embeddable":true,"href":"https:\/\/upes.edu.mx\/radio\/index.php?rest_route=\/wp\/v2\/users\/2"}],"replies":[{"embeddable":true,"href":"https:\/\/upes.edu.mx\/radio\/index.php?rest_route=%2Fwp%2Fv2%2Fcomments&post=7862"}],"version-history":[{"count":1,"href":"https:\/\/upes.edu.mx\/radio\/index.php?rest_route=\/wp\/v2\/posts\/7862\/revisions"}],"predecessor-version":[{"id":7864,"href":"https:\/\/upes.edu.mx\/radio\/index.php?rest_route=\/wp\/v2\/posts\/7862\/revisions\/7864"}],"wp:featuredmedia":[{"embeddable":true,"href":"https:\/\/upes.edu.mx\/radio\/index.php?rest_route=\/wp\/v2\/media\/7863"}],"wp:attachment":[{"href":"https:\/\/upes.edu.mx\/radio\/index.php?rest_route=%2Fwp%2Fv2%2Fmedia&parent=7862"}],"wp:term":[{"taxonomy":"category","embeddable":true,"href":"https:\/\/upes.edu.mx\/radio\/index.php?rest_route=%2Fwp%2Fv2%2Fcategories&post=7862"},{"taxonomy":"post_tag","embeddable":true,"href":"https:\/\/upes.edu.mx\/radio\/index.php?rest_route=%2Fwp%2Fv2%2Ftags&post=7862"}],"curies":[{"name":"wp","href":"https:\/\/api.w.org\/{rel}","templated":true}]}}