{"id":7865,"date":"2025-10-14T14:57:43","date_gmt":"2025-10-14T21:57:43","guid":{"rendered":"https:\/\/upes.edu.mx\/radio\/?p=7865"},"modified":"2025-10-14T14:57:44","modified_gmt":"2025-10-14T21:57:44","slug":"la-upes-refuerza-su-compromiso-con-el-bienestar-de-su-comunidad-universitaria-con-la-feria-de-la-salud","status":"publish","type":"post","link":"https:\/\/upes.edu.mx\/radio\/?p=7865","title":{"rendered":"LA UPES REFUERZA SU COMPROMISO CON EL BIENESTAR DE SU COMUNIDAD UNIVERSITARIA CON LA FERIA DE LA SALUD"},"content":{"rendered":"<p><\/p>\n<p>Con el objetivo de promover la prevenci\u00f3n y el autocuidado, la Universidad Pedag\u00f3gica del Estado de Sinaloa llev\u00f3 a cabo la Feria de la Salud, dirigida a estudiantes, personal docente y administrativo, para generar conciencia sobre la importancia de adoptar h\u00e1bitos saludables para el bienestar f\u00edsico, mental y social.<\/p>\n<p><\/p>\n<p><\/p>\n<p>En la explanada de la Unidad Culiac\u00e1n se instalaron los m\u00f3dulos con servicios de vacunaci\u00f3n, salud reproductiva, medici\u00f3n de la presi\u00f3n arterial y de glucosa, pruebas de VIH,&nbsp; orientaci\u00f3n sobre lepra y tuberculosis, salud mental, salud bucal y promoci\u00f3n de la donaci\u00f3n de cabello para pelucas oncol\u00f3gicas y donaci\u00f3n de sangre.<\/p>\n<p><\/p>\n<p><\/p>\n<p>La Feria de la Salud se complement\u00f3 con la conferencia \u201cC\u00e1ncer de mama y c\u00e1ncer c\u00e9rvico uterino. Factores de riesgo\u201d, impartida por la Dra. Dra. Blanca Patricia Ayala Ram\u00edrez, quien explic\u00f3 a la comunidad universitaria de la UPES la importancia de la revisi\u00f3n peri\u00f3dica para la detecci\u00f3n oportuna del c\u00e1ncer de mama y el c\u00e1ncer c\u00e9rvico uterino, sobre todo cuando se tienen antecedentes familiares de estos padecimientos.<\/p>\n<p><\/p>\n<p><\/p>\n<p>El rector de la UPES, Jes\u00fas Aar\u00f3n Quintero P\u00e9rez, expres\u00f3 que la Universidad Pedag\u00f3gica del Estado de Sinaloa forma a sus estudiantes con conciencia sobre su salud y la de su entorno, porque el bienestar de la comunidad universitaria UPES es tambi\u00e9n parte de la excelencia acad\u00e9mica y humana.<\/p>\n<p><\/p>\n<p><\/p>\n<p>La Feria de la Salud se llev\u00f3 a cabo con el apoyo de la Secretar\u00eda de Salud, a trav\u00e9s de la Jurisdicci\u00f3n Sanitaria IV,\u00a0 y los programas Promoci\u00f3n de la Salud y C\u00e1ncer de la Mujer.<\/p>\n<p><\/p>\n<p><\/p>\n<p><em>Culiac\u00e1n, Sin., 14 de octubre del 2025.<\/em><\/p>\n<p><\/p>\n","protected":false},"excerpt":{"rendered":"<p>Con el objetivo de promover la prevenci\u00f3n y el autocuidado, la Universidad Pedag\u00f3gica del Estado de Sinaloa llev\u00f3 a cabo la Feria de la Salud, dirigida a estudiantes, personal docente y administrativo, para generar conciencia sobre la importancia de adoptar h\u00e1bitos saludables para el bienestar f\u00edsico, mental y social. En la explanada de la Unidad [&hellip;]<\/p>\n","protected":false},"author":2,"featured_media":7866,"comment_status":"closed","ping_status":"closed","sticky":false,"template":"","format":"standard","meta":[],"categories":[8],"tags":[106,326,232,112],"_links":{"self":[{"href":"https:\/\/upes.edu.mx\/radio\/index.php?rest_route=\/wp\/v2\/posts\/7865"}],"collection":[{"href":"https:\/\/upes.edu.mx\/radio\/index.php?rest_route=\/wp\/v2\/posts"}],"about":[{"href":"https:\/\/upes.edu.mx\/radio\/index.php?rest_route=\/wp\/v2\/types\/post"}],"author":[{"embeddable":true,"href":"https:\/\/upes.edu.mx\/radio\/index.php?rest_route=\/wp\/v2\/users\/2"}],"replies":[{"embeddable":true,"href":"https:\/\/upes.edu.mx\/radio\/index.php?rest_route=%2Fwp%2Fv2%2Fcomments&post=7865"}],"version-history":[{"count":1,"href":"https:\/\/upes.edu.mx\/radio\/index.php?rest_route=\/wp\/v2\/posts\/7865\/revisions"}],"predecessor-version":[{"id":7867,"href":"https:\/\/upes.edu.mx\/radio\/index.php?rest_route=\/wp\/v2\/posts\/7865\/revisions\/7867"}],"wp:featuredmedia":[{"embeddable":true,"href":"https:\/\/upes.edu.mx\/radio\/index.php?rest_route=\/wp\/v2\/media\/7866"}],"wp:attachment":[{"href":"https:\/\/upes.edu.mx\/radio\/index.php?rest_route=%2Fwp%2Fv2%2Fmedia&parent=7865"}],"wp:term":[{"taxonomy":"category","embeddable":true,"href":"https:\/\/upes.edu.mx\/radio\/index.php?rest_route=%2Fwp%2Fv2%2Fcategories&post=7865"},{"taxonomy":"post_tag","embeddable":true,"href":"https:\/\/upes.edu.mx\/radio\/index.php?rest_route=%2Fwp%2Fv2%2Ftags&post=7865"}],"curies":[{"name":"wp","href":"https:\/\/api.w.org\/{rel}","templated":true}]}}