{"id":7868,"date":"2025-10-16T13:16:47","date_gmt":"2025-10-16T20:16:47","guid":{"rendered":"https:\/\/upes.edu.mx\/radio\/?p=7868"},"modified":"2025-10-16T13:18:57","modified_gmt":"2025-10-16T20:18:57","slug":"frankenstein-en-radio-upes","status":"publish","type":"post","link":"https:\/\/upes.edu.mx\/radio\/?p=7868","title":{"rendered":"FRANKENSTEIN EN RADIO UPES"},"content":{"rendered":"<p><\/p>\n<p>La producci\u00f3n ganadora del tercer lugar en la Bienal Internacional de Radio llega gracias al apoyo de Radio UdeG, productora de la serie.<\/p>\n<p><\/p>\n<p><\/p>\n<p>Con el apoyo de Radio UdeG, Radio UPES transmitir\u00e1 Frankenstein, producci\u00f3n ganadora del tercer lugar en la D\u00e9cimo Quinta Bienal Internacional de Radio, en la categor\u00eda de serie dramatizada. Frankenstein se estrenar\u00e1 el domingo 26 de octubre, a las 8 de la noche con repetici\u00f3n a las 11 de la noche.<\/p>\n<p><\/p>\n<p><\/p>\n<p>La serie estar\u00e1 al aire por Radio UPES del 26 al 31 de octubre por el 89.9 FM en Culiac\u00e1n, Sinaloa, y para el mundo por <a href=\"http:\/\/upes.edu.mx\/radio\">upes.edu.mx\/radio<\/a>&nbsp;<\/p>\n<p><\/p>\n<p><\/p>\n<p>La producci\u00f3n de Frankenstein es parte de las actividades con las cuales Radio Universidad de Guadalajara celebr\u00f3 50 a\u00f1os de su creaci\u00f3n. Llega a Radio UPES, gracias a la buena disposici\u00f3n de colaboraci\u00f3n de Radio UdeG y a la coincidencia en la Red de Radios Universitarias de M\u00e9xico.<\/p>\n<p><\/p>\n<p><\/p>\n<p>En esta versi\u00f3n de Frankenstein o El Prometeo Moderno, de Mary Shelley, no s\u00f3lo se presentan los fragmentos m\u00e1s memorables de la obra, sino que tambi\u00e9n incluye las memorias de Mary Shelley y los acontecimientos de su vida que se transformaron en su par literario.<\/p>\n<p><\/p>\n<p><\/p>\n<p>Frankenstein narra la vida de V\u00edctor, un joven estudiante de medicina que descubre una forma de traer a la vida a una criatura humanoide creada con retazos y partes de cad\u00e1veres. La novela de Mary Shelley es reflejo del intenso debate intelectual que domin\u00f3 la vida p\u00fablica europea desde finales del siglo XVIII y hasta mediados del siglo XIX. Mary Shelley vivi\u00f3 en este periodo de la historia en el que el misticismo ya no se conciliaba con la ciencia y en el que la filosof\u00eda mostraba la naturaleza contradictoria del hombre. Dentro de Frankenstein, o El Prometeo Moderno, encontramos el eterno debate de la \u00faltima frontera del conocimiento humano: \u00bfLe ser\u00e1 posible, por fin, a los hombres vencer los secretos de la muerte para traer de vuelta a los seres queridos que se han ido? \u00bfSer\u00e1 posible alg\u00fan d\u00eda que la ciencia venza a la muerte? \u00bfY a qu\u00e9 costo?<\/p>\n<p><\/p>\n<p><\/p>\n<p><em>Culiac\u00e1n, Sin., 16 de octubre del 2025.<\/em><\/p>\n<p><\/p>\n","protected":false},"excerpt":{"rendered":"<p>La producci\u00f3n ganadora del tercer lugar en la Bienal Internacional de Radio llega gracias al apoyo de Radio UdeG, productora de la serie. Con el apoyo de Radio UdeG, Radio UPES transmitir\u00e1 Frankenstein, producci\u00f3n ganadora del tercer lugar en la D\u00e9cimo Quinta Bienal Internacional de Radio, en la categor\u00eda de serie dramatizada. Frankenstein se estrenar\u00e1 [&hellip;]<\/p>\n","protected":false},"author":2,"featured_media":7869,"comment_status":"closed","ping_status":"closed","sticky":false,"template":"","format":"standard","meta":[],"categories":[8],"tags":[832,109,111],"_links":{"self":[{"href":"https:\/\/upes.edu.mx\/radio\/index.php?rest_route=\/wp\/v2\/posts\/7868"}],"collection":[{"href":"https:\/\/upes.edu.mx\/radio\/index.php?rest_route=\/wp\/v2\/posts"}],"about":[{"href":"https:\/\/upes.edu.mx\/radio\/index.php?rest_route=\/wp\/v2\/types\/post"}],"author":[{"embeddable":true,"href":"https:\/\/upes.edu.mx\/radio\/index.php?rest_route=\/wp\/v2\/users\/2"}],"replies":[{"embeddable":true,"href":"https:\/\/upes.edu.mx\/radio\/index.php?rest_route=%2Fwp%2Fv2%2Fcomments&post=7868"}],"version-history":[{"count":1,"href":"https:\/\/upes.edu.mx\/radio\/index.php?rest_route=\/wp\/v2\/posts\/7868\/revisions"}],"predecessor-version":[{"id":7870,"href":"https:\/\/upes.edu.mx\/radio\/index.php?rest_route=\/wp\/v2\/posts\/7868\/revisions\/7870"}],"wp:featuredmedia":[{"embeddable":true,"href":"https:\/\/upes.edu.mx\/radio\/index.php?rest_route=\/wp\/v2\/media\/7869"}],"wp:attachment":[{"href":"https:\/\/upes.edu.mx\/radio\/index.php?rest_route=%2Fwp%2Fv2%2Fmedia&parent=7868"}],"wp:term":[{"taxonomy":"category","embeddable":true,"href":"https:\/\/upes.edu.mx\/radio\/index.php?rest_route=%2Fwp%2Fv2%2Fcategories&post=7868"},{"taxonomy":"post_tag","embeddable":true,"href":"https:\/\/upes.edu.mx\/radio\/index.php?rest_route=%2Fwp%2Fv2%2Ftags&post=7868"}],"curies":[{"name":"wp","href":"https:\/\/api.w.org\/{rel}","templated":true}]}}