{"id":7871,"date":"2025-10-20T15:33:12","date_gmt":"2025-10-20T22:33:12","guid":{"rendered":"https:\/\/upes.edu.mx\/radio\/?p=7871"},"modified":"2025-10-20T15:33:13","modified_gmt":"2025-10-20T22:33:13","slug":"mazatlan-es-sede-del-10-encuentro-de-la-rrum","status":"publish","type":"post","link":"https:\/\/upes.edu.mx\/radio\/?p=7871","title":{"rendered":"MAZATL\u00c1N ES SEDE DEL 10\u00b0 ENCUENTRO DE LA RRUM"},"content":{"rendered":"<p><\/p>\n<p>Del 22 al 24 de octubre de 2025, la\u00a0<strong>Red de Radios Universitarias de M\u00e9xico<\/strong>\u00a0se re\u00fane en \u201cLa Perla del Pac\u00edfico\u201d para fortalecer lazos y reflexionar sobre el futuro de la radio universitaria. Radio UPES, como parte de la RRUM estar\u00e1 presente.<\/p>\n<p><\/p>\n<p><\/p>\n<p>La\u00a0<strong>Red de Radios Universitarias de M\u00e9xico<\/strong>\u00a0(RRUM) llevar\u00e1 a cabo su 10\u00b0 Encuentro en la ciudad de\u00a0<strong>Mazatl\u00e1n<\/strong>,\u00a0<strong>Sinaloa<\/strong>, en una celebraci\u00f3n que marca la primera d\u00e9cada de trabajo colaborativo desde su establecimiento en junio de 2015.  Este evento reunir\u00e1 a directivos de radiodifusoras universitarias, expertos en comunicaci\u00f3n, acad\u00e9micos y funcionarios p\u00fablicos para compartir experiencias, capacitarse y fortalecer el trabajo en red a trav\u00e9s de conferencias magistrales, mesas de an\u00e1lisis y paneles de discusi\u00f3n.<\/p>\n<p><\/p>\n<p><\/p>\n<p><strong>SEDES EMBLEM\u00c1TICAS<\/strong><\/p>\n<p><\/p>\n<p><\/p>\n<p>Las actividades se desarrollar\u00e1n en dos espacios ic\u00f3nicos de\u00a0<strong>Mazatl\u00e1n<\/strong>: el hist\u00f3rico Teatro \u201c<strong>\u00c1ngela Peralta<\/strong>\u201d acoger\u00e1 la ceremonia inaugural y las primeras conferencias del 22 de octubre, mientras que la Unidad Regional Mazatl\u00e1n de la\u00a0<strong>Universidad Aut\u00f3noma de Occidente<\/strong>\u00a0(UAdeO) ser\u00e1 sede del resto de las actividades.<\/p>\n<p><\/p>\n<p><\/p>\n<p><strong>CONFERENCIAS DESTACADAS<\/strong><\/p>\n<p><\/p>\n<p><\/p>\n<p><strong>Fernanda Tapia<\/strong>, Directora General de\u00a0<strong>Radio Educaci\u00f3n<\/strong>, quien presentar\u00e1 la conferencia magistral \u201cReinventando los Medios P\u00fablicos\u201d.<br \/><strong>Lic. Jenaro Villamil<\/strong>, Presidente del\u00a0<strong>Sistema P\u00fablico de Radiodifusi\u00f3n<\/strong>, abordar\u00e1 la relevancia de las radios universitarias en la construcci\u00f3n de una sociedad cr\u00edtica y participativa.<br \/>Senador\u00a0<strong>Javier Corral Jurado<\/strong>\u00a0hablar\u00e1 sobre \u201cInternet, Telecom y Radiodifusi\u00f3n: los nuevos derechos\u201d.<br \/>Dr.\u00a0<strong>Francisco Jos\u00e9 Guti\u00e9rrez Rodr\u00edguez<\/strong>, Comisionado Nacional de Salud Mental y Adicciones, compartir\u00e1 reflexiones sobre juventud, radio y salud mental.<\/p>\n<p><\/p>\n<p><\/p>\n<p><strong>TEMAS DE ACTUALIDAD<\/strong><\/p>\n<p><\/p>\n<p><\/p>\n<p>Las mesas de di\u00e1logo abordar\u00e1n t\u00f3picos fundamentales para el futuro de la radio universitaria:<\/p>\n<p><\/p>\n<p><\/p>\n<ul>\n<li>La reimaginaci\u00f3n de la cultura desde la radio en la era de las plataformas digitales.<\/li>\n<li>El papel de la radio universitaria en el desarrollo de la ni\u00f1ez.<\/li>\n<li>La inteligencia artificial en la producci\u00f3n radiof\u00f3nica.<\/li>\n<li>C\u00f3digos de \u00e9tica en la radio universitaria.<\/li>\n<li>El trabajo colaborativo y la incidencia social.<\/li>\n<\/ul>\n<p><\/p>\n<p><\/p>\n<p><strong>MOMENTOS ESPECIALES<\/strong><\/p>\n<p><\/p>\n<p><\/p>\n<p>El mi\u00e9rcoles 22 de octubre ser\u00e1 un d\u00eda particularmente significativo, con la develaci\u00f3n de una placa conmemorativa de la primera d\u00e9cada de la\u00a0<strong>RRUM<\/strong>\u00a0y la ceremonia de premiaci\u00f3n\u00a0<strong>N\u00f3mada 2025<\/strong>, que reconocer\u00e1 lo mejor de la producci\u00f3n radiof\u00f3nica universitaria.<\/p>\n<p><\/p>\n<p><\/p>\n<p><strong>ORGANIZACI\u00d3N<\/strong><\/p>\n<p><\/p>\n<p><\/p>\n<p>El evento es coorganizado por la\u00a0<strong>RRUM<\/strong>,\u00a0<strong>Radio UAdeO\u00a0<\/strong>y\u00a0<strong>Radio Educaci\u00f3n<\/strong>. La\u00a0<strong>Universidad Aut\u00f3noma de Occidente<\/strong>, a trav\u00e9s de\u00a0<strong>Radio UAdeO<\/strong>, fungir\u00e1 como instituci\u00f3n anfitriona.<br \/>Este 10\u00b0 Encuentro no solo representa una d\u00e9cada de colaboraci\u00f3n y crecimiento, sino tambi\u00e9n la oportunidad de refrendar el compromiso de las radios universitarias con la difusi\u00f3n del conocimiento, la cultura y la responsabilidad social a trav\u00e9s de los medios de comunicaci\u00f3n.<\/p>\n<p><\/p>\n<p><\/p>\n<p><em>Culiac\u00e1n, Sin., 20 de octubre del 2025.<\/em><\/p>\n<p><\/p>\n<p><\/p>\n<p><\/p>\n","protected":false},"excerpt":{"rendered":"<p>Del 22 al 24 de octubre de 2025, la\u00a0Red de Radios Universitarias de M\u00e9xico\u00a0se re\u00fane en \u201cLa Perla del Pac\u00edfico\u201d para fortalecer lazos y reflexionar sobre el futuro de la radio universitaria. Radio UPES, como parte de la RRUM estar\u00e1 presente. La\u00a0Red de Radios Universitarias de M\u00e9xico\u00a0(RRUM) llevar\u00e1 a cabo su 10\u00b0 Encuentro en la [&hellip;]<\/p>\n","protected":false},"author":2,"featured_media":7872,"comment_status":"closed","ping_status":"closed","sticky":false,"template":"","format":"standard","meta":[],"categories":[8],"tags":[109,111,533,285],"_links":{"self":[{"href":"https:\/\/upes.edu.mx\/radio\/index.php?rest_route=\/wp\/v2\/posts\/7871"}],"collection":[{"href":"https:\/\/upes.edu.mx\/radio\/index.php?rest_route=\/wp\/v2\/posts"}],"about":[{"href":"https:\/\/upes.edu.mx\/radio\/index.php?rest_route=\/wp\/v2\/types\/post"}],"author":[{"embeddable":true,"href":"https:\/\/upes.edu.mx\/radio\/index.php?rest_route=\/wp\/v2\/users\/2"}],"replies":[{"embeddable":true,"href":"https:\/\/upes.edu.mx\/radio\/index.php?rest_route=%2Fwp%2Fv2%2Fcomments&post=7871"}],"version-history":[{"count":1,"href":"https:\/\/upes.edu.mx\/radio\/index.php?rest_route=\/wp\/v2\/posts\/7871\/revisions"}],"predecessor-version":[{"id":7873,"href":"https:\/\/upes.edu.mx\/radio\/index.php?rest_route=\/wp\/v2\/posts\/7871\/revisions\/7873"}],"wp:featuredmedia":[{"embeddable":true,"href":"https:\/\/upes.edu.mx\/radio\/index.php?rest_route=\/wp\/v2\/media\/7872"}],"wp:attachment":[{"href":"https:\/\/upes.edu.mx\/radio\/index.php?rest_route=%2Fwp%2Fv2%2Fmedia&parent=7871"}],"wp:term":[{"taxonomy":"category","embeddable":true,"href":"https:\/\/upes.edu.mx\/radio\/index.php?rest_route=%2Fwp%2Fv2%2Fcategories&post=7871"},{"taxonomy":"post_tag","embeddable":true,"href":"https:\/\/upes.edu.mx\/radio\/index.php?rest_route=%2Fwp%2Fv2%2Ftags&post=7871"}],"curies":[{"name":"wp","href":"https:\/\/api.w.org\/{rel}","templated":true}]}}