{"id":7996,"date":"2026-01-20T13:46:24","date_gmt":"2026-01-20T20:46:24","guid":{"rendered":"https:\/\/upes.edu.mx\/radio\/?p=7996"},"modified":"2026-01-20T15:39:34","modified_gmt":"2026-01-20T22:39:34","slug":"el-rector-de-la-upes-entregan-la-carga-academica-para-el-nuevo-semestre","status":"publish","type":"post","link":"https:\/\/upes.edu.mx\/radio\/?p=7996","title":{"rendered":"EL RECTOR DE LA UPES ENTREGA LA CARGA ACAD\u00c9MICA PARA EL NUEVO SEMESTRE"},"content":{"rendered":"<p><\/p>\n<p>Contar con programas acad\u00e9micos propios ha permitido a la UPES la estabilidad laboral, el crecimiento acad\u00e9mico, as\u00ed como de infraestructura y equipamiento, expres\u00f3 el Rector de la Universidad Pedag\u00f3gica del Estado de Sinaloa, Jes\u00fas Aar\u00f3n Quintero P\u00e9rez, al iniciar en la Unidad Culiac\u00e1n con la entrega de la carga acad\u00e9mica para el nuevo semestre escolar.<\/p>\n<p><\/p>\n<p><\/p>\n<p>El rector Quintero P\u00e9rez reconoci\u00f3 el trabajo del cuerpo docente de la UPES a la vez que coment\u00f3 que los programas acad\u00e9micos propios permiten tambi\u00e9n la promoci\u00f3n, con todo y lo limitado que esta sea.<\/p>\n<p><\/p>\n<p><\/p>\n<p>A\u00f1adi\u00f3 que el crecimiento de la UPES abarca la apertura de las Extensiones en Gato de Lara y en Estaci\u00f3n Naranjo, la ampliaci\u00f3n de la matr\u00edcula en la Extensi\u00f3n Navolato gracias a que se cuenta ya con un edificio propio; as\u00ed como al notorio aumento del alumnado en los programas de posgrado, que llegan ya a zonas de concentraci\u00f3n. Ese crecimiento, dijo, se ha hecho garantizando los derechos y las obligaciones del personal, para que la UPES mantenga la sustentabilidad.<\/p>\n<p><\/p>\n<p><\/p>\n<p>En el acto de entrega de la carga acad\u00e9mica acompa\u00f1aron al Rector, la Secretaria Acad\u00e9mica, Margarita Alem\u00e1n Vargas; el Secretario Administrativo, F\u00e9lix Arturo C\u00e1sarez Mel\u00e9ndres y la Directora de la Unidad Culiac\u00e1n, Maira Lorena Zazueta Corrales.<\/p>\n<p><\/p>\n<p><\/p>\n<p>El Rector har\u00e1 una gira de trabajo para entregar la carga acad\u00e9mica al personal docente de la Unidad Los Mochis, la Unidad Mazatl\u00e1n y la Subsede Guasave.<\/p>\n<p><\/p>\n<p><\/p>\n<p><em>Culiac\u00e1n, Sin., 19 de enero del 2026.<\/em><\/p>\n<p><\/p>\n","protected":false},"excerpt":{"rendered":"<p>Contar con programas acad\u00e9micos propios ha permitido a la UPES la estabilidad laboral, el crecimiento acad\u00e9mico, as\u00ed como de infraestructura y equipamiento, expres\u00f3 el Rector de la Universidad Pedag\u00f3gica del Estado de Sinaloa, Jes\u00fas Aar\u00f3n Quintero P\u00e9rez, al iniciar en la Unidad Culiac\u00e1n con la entrega de la carga acad\u00e9mica para el nuevo semestre escolar. [&hellip;]<\/p>\n","protected":false},"author":2,"featured_media":7997,"comment_status":"closed","ping_status":"closed","sticky":false,"template":"","format":"standard","meta":[],"categories":[8],"tags":[],"_links":{"self":[{"href":"https:\/\/upes.edu.mx\/radio\/index.php?rest_route=\/wp\/v2\/posts\/7996"}],"collection":[{"href":"https:\/\/upes.edu.mx\/radio\/index.php?rest_route=\/wp\/v2\/posts"}],"about":[{"href":"https:\/\/upes.edu.mx\/radio\/index.php?rest_route=\/wp\/v2\/types\/post"}],"author":[{"embeddable":true,"href":"https:\/\/upes.edu.mx\/radio\/index.php?rest_route=\/wp\/v2\/users\/2"}],"replies":[{"embeddable":true,"href":"https:\/\/upes.edu.mx\/radio\/index.php?rest_route=%2Fwp%2Fv2%2Fcomments&post=7996"}],"version-history":[{"count":2,"href":"https:\/\/upes.edu.mx\/radio\/index.php?rest_route=\/wp\/v2\/posts\/7996\/revisions"}],"predecessor-version":[{"id":8009,"href":"https:\/\/upes.edu.mx\/radio\/index.php?rest_route=\/wp\/v2\/posts\/7996\/revisions\/8009"}],"wp:featuredmedia":[{"embeddable":true,"href":"https:\/\/upes.edu.mx\/radio\/index.php?rest_route=\/wp\/v2\/media\/7997"}],"wp:attachment":[{"href":"https:\/\/upes.edu.mx\/radio\/index.php?rest_route=%2Fwp%2Fv2%2Fmedia&parent=7996"}],"wp:term":[{"taxonomy":"category","embeddable":true,"href":"https:\/\/upes.edu.mx\/radio\/index.php?rest_route=%2Fwp%2Fv2%2Fcategories&post=7996"},{"taxonomy":"post_tag","embeddable":true,"href":"https:\/\/upes.edu.mx\/radio\/index.php?rest_route=%2Fwp%2Fv2%2Ftags&post=7996"}],"curies":[{"name":"wp","href":"https:\/\/api.w.org\/{rel}","templated":true}]}}