{"id":8010,"date":"2026-01-27T13:29:42","date_gmt":"2026-01-27T20:29:42","guid":{"rendered":"https:\/\/upes.edu.mx\/radio\/?p=8010"},"modified":"2026-01-27T13:29:42","modified_gmt":"2026-01-27T20:29:42","slug":"los-espacios-de-la-upes-cobran-nueva-vida","status":"publish","type":"post","link":"https:\/\/upes.edu.mx\/radio\/?p=8010","title":{"rendered":"LOS ESPACIOS DE LA UPES COBRAN NUEVA VIDA"},"content":{"rendered":"<p><\/p>\n<p>INICI\u00d3 EL NUEVO SEMESTRE.<\/p>\n<p><\/p>\n<p><\/p>\n<p>El alumnado de la UPES regres\u00f3 a las aulas.<\/p>\n<p><\/p>\n<p><\/p>\n<p>En un acto efectuado en la explanada de la Unidad Culiac\u00e1n, las autoridades universitarias encabezadas por el Rector de la Universidad Pedag\u00f3gica del Estado de Sinaloa, Jes\u00fas Aar\u00f3n Quintero P\u00e9rez, dieron la bienvenida al nuevo semestre, en el que se reiter\u00f3 el compromiso de la UPES por brindar a su alumnado formaci\u00f3n de excelencia acad\u00e9mica, para que construyan su mejor futuro.<\/p>\n<p><\/p>\n<p><\/p>\n<p>En el evento, que reuni\u00f3 a personal docente de la Unidad Culiac\u00e1n, se llam\u00f3 al alumnado a estar al pendiente del calendario de actividades para el \u00f3ptimo desarrollo del semestre.<\/p>\n<p><\/p>\n<p><\/p>\n<p><em>Culiac\u00e1n, Sin., 26 de enero del 2026.<\/em><\/p>\n<p><\/p>\n","protected":false},"excerpt":{"rendered":"<p>INICI\u00d3 EL NUEVO SEMESTRE. El alumnado de la UPES regres\u00f3 a las aulas. En un acto efectuado en la explanada de la Unidad Culiac\u00e1n, las autoridades universitarias encabezadas por el Rector de la Universidad Pedag\u00f3gica del Estado de Sinaloa, Jes\u00fas Aar\u00f3n Quintero P\u00e9rez, dieron la bienvenida al nuevo semestre, en el que se reiter\u00f3 el [&hellip;]<\/p>\n","protected":false},"author":2,"featured_media":8011,"comment_status":"closed","ping_status":"closed","sticky":false,"template":"","format":"standard","meta":[],"categories":[8],"tags":[],"_links":{"self":[{"href":"https:\/\/upes.edu.mx\/radio\/index.php?rest_route=\/wp\/v2\/posts\/8010"}],"collection":[{"href":"https:\/\/upes.edu.mx\/radio\/index.php?rest_route=\/wp\/v2\/posts"}],"about":[{"href":"https:\/\/upes.edu.mx\/radio\/index.php?rest_route=\/wp\/v2\/types\/post"}],"author":[{"embeddable":true,"href":"https:\/\/upes.edu.mx\/radio\/index.php?rest_route=\/wp\/v2\/users\/2"}],"replies":[{"embeddable":true,"href":"https:\/\/upes.edu.mx\/radio\/index.php?rest_route=%2Fwp%2Fv2%2Fcomments&post=8010"}],"version-history":[{"count":1,"href":"https:\/\/upes.edu.mx\/radio\/index.php?rest_route=\/wp\/v2\/posts\/8010\/revisions"}],"predecessor-version":[{"id":8012,"href":"https:\/\/upes.edu.mx\/radio\/index.php?rest_route=\/wp\/v2\/posts\/8010\/revisions\/8012"}],"wp:featuredmedia":[{"embeddable":true,"href":"https:\/\/upes.edu.mx\/radio\/index.php?rest_route=\/wp\/v2\/media\/8011"}],"wp:attachment":[{"href":"https:\/\/upes.edu.mx\/radio\/index.php?rest_route=%2Fwp%2Fv2%2Fmedia&parent=8010"}],"wp:term":[{"taxonomy":"category","embeddable":true,"href":"https:\/\/upes.edu.mx\/radio\/index.php?rest_route=%2Fwp%2Fv2%2Fcategories&post=8010"},{"taxonomy":"post_tag","embeddable":true,"href":"https:\/\/upes.edu.mx\/radio\/index.php?rest_route=%2Fwp%2Fv2%2Ftags&post=8010"}],"curies":[{"name":"wp","href":"https:\/\/api.w.org\/{rel}","templated":true}]}}