{"id":8060,"date":"2026-03-06T13:33:44","date_gmt":"2026-03-06T20:33:44","guid":{"rendered":"https:\/\/upes.edu.mx\/radio\/?p=8060"},"modified":"2026-03-06T13:33:45","modified_gmt":"2026-03-06T20:33:45","slug":"la-upes-abre-cursos-y-diplomados-en-linea-para-usicamm","status":"publish","type":"post","link":"https:\/\/upes.edu.mx\/radio\/?p=8060","title":{"rendered":"LA UPES ABRE CURSOS Y DIPLOMADOS  EN L\u00cdNEA  PARA USICAMM"},"content":{"rendered":"<p><\/p>\n<p>La Universidad Pedag\u00f3gica del Estado de Sinaloa abri\u00f3 inscripciones para dos cursos y dos diplomados en l\u00ednea que tendr\u00e1n validez en el proceso de Admisi\u00f3n a USICAMM 2027-2028.<\/p>\n<p><\/p>\n<p><\/p>\n<figure class=\"wp-block-image size-large\"><img loading=\"lazy\" width=\"567\" height=\"1024\" src=\"https:\/\/upes.edu.mx\/radio\/wp-content\/uploads\/2026\/03\/Convocatoria-Cursos-y-diplomados-en-linea-marzo-2026_Convocatoria-567x1024.png\" alt=\"\" class=\"wp-image-8061\" srcset=\"https:\/\/upes.edu.mx\/radio\/wp-content\/uploads\/2026\/03\/Convocatoria-Cursos-y-diplomados-en-linea-marzo-2026_Convocatoria-567x1024.png 567w, https:\/\/upes.edu.mx\/radio\/wp-content\/uploads\/2026\/03\/Convocatoria-Cursos-y-diplomados-en-linea-marzo-2026_Convocatoria-166x300.png 166w, https:\/\/upes.edu.mx\/radio\/wp-content\/uploads\/2026\/03\/Convocatoria-Cursos-y-diplomados-en-linea-marzo-2026_Convocatoria-768x1387.png 768w, https:\/\/upes.edu.mx\/radio\/wp-content\/uploads\/2026\/03\/Convocatoria-Cursos-y-diplomados-en-linea-marzo-2026_Convocatoria-851x1536.png 851w, https:\/\/upes.edu.mx\/radio\/wp-content\/uploads\/2026\/03\/Convocatoria-Cursos-y-diplomados-en-linea-marzo-2026_Convocatoria-1134x2048.png 1134w\" sizes=\"(max-width: 567px) 100vw, 567px\" \/><\/figure>\n<p><\/p>\n<p><\/p>\n<p>Los cursos son: \u201cLa alfabetizaci\u00f3n en el marco de la Nueva Escuela Mexicana\u201d, de 50 horas,&nbsp; y \u201cPlaneaci\u00f3n did\u00e1ctica: elemento esencial de la pr\u00e1ctica docente\u201d de 40 horas.<\/p>\n<p><\/p>\n<p><\/p>\n<p>Los diplomados son: \u201cLa Nueva Escuela Mexicana: fundamentos y estrategias para su implementaci\u00f3n\u201d de 120 horas y \u201cEvaluaci\u00f3n psicopedag\u00f3gica infantil\u201d de 150 horas.<\/p>\n<p><\/p>\n<p><\/p>\n<p>Estas actividades acad\u00e9micas tienen como prop\u00f3sito fortalecer las competencias de las y los profesionales de la educaci\u00f3n en el sector p\u00fablico y privado, ofreci\u00e9ndoles las herramientas t\u00e9cnico-metodol\u00f3gicas para el mejor desempe\u00f1o de sus funciones.<\/p>\n<p><\/p>\n<p><\/p>\n<p><em>Culiac\u00e1n, Sin., 6 de marzo del 2026.<\/em><\/p>\n<p><\/p>\n","protected":false},"excerpt":{"rendered":"<p>La Universidad Pedag\u00f3gica del Estado de Sinaloa abri\u00f3 inscripciones para dos cursos y dos diplomados en l\u00ednea que tendr\u00e1n validez en el proceso de Admisi\u00f3n a USICAMM 2027-2028. Los cursos son: \u201cLa alfabetizaci\u00f3n en el marco de la Nueva Escuela Mexicana\u201d, de 50 horas,&nbsp; y \u201cPlaneaci\u00f3n did\u00e1ctica: elemento esencial de la pr\u00e1ctica docente\u201d de 40 [&hellip;]<\/p>\n","protected":false},"author":2,"featured_media":8062,"comment_status":"closed","ping_status":"closed","sticky":false,"template":"","format":"standard","meta":[],"categories":[8],"tags":[],"_links":{"self":[{"href":"https:\/\/upes.edu.mx\/radio\/index.php?rest_route=\/wp\/v2\/posts\/8060"}],"collection":[{"href":"https:\/\/upes.edu.mx\/radio\/index.php?rest_route=\/wp\/v2\/posts"}],"about":[{"href":"https:\/\/upes.edu.mx\/radio\/index.php?rest_route=\/wp\/v2\/types\/post"}],"author":[{"embeddable":true,"href":"https:\/\/upes.edu.mx\/radio\/index.php?rest_route=\/wp\/v2\/users\/2"}],"replies":[{"embeddable":true,"href":"https:\/\/upes.edu.mx\/radio\/index.php?rest_route=%2Fwp%2Fv2%2Fcomments&post=8060"}],"version-history":[{"count":1,"href":"https:\/\/upes.edu.mx\/radio\/index.php?rest_route=\/wp\/v2\/posts\/8060\/revisions"}],"predecessor-version":[{"id":8063,"href":"https:\/\/upes.edu.mx\/radio\/index.php?rest_route=\/wp\/v2\/posts\/8060\/revisions\/8063"}],"wp:featuredmedia":[{"embeddable":true,"href":"https:\/\/upes.edu.mx\/radio\/index.php?rest_route=\/wp\/v2\/media\/8062"}],"wp:attachment":[{"href":"https:\/\/upes.edu.mx\/radio\/index.php?rest_route=%2Fwp%2Fv2%2Fmedia&parent=8060"}],"wp:term":[{"taxonomy":"category","embeddable":true,"href":"https:\/\/upes.edu.mx\/radio\/index.php?rest_route=%2Fwp%2Fv2%2Fcategories&post=8060"},{"taxonomy":"post_tag","embeddable":true,"href":"https:\/\/upes.edu.mx\/radio\/index.php?rest_route=%2Fwp%2Fv2%2Ftags&post=8060"}],"curies":[{"name":"wp","href":"https:\/\/api.w.org\/{rel}","templated":true}]}}