{"id":8067,"date":"2026-03-09T12:28:27","date_gmt":"2026-03-09T19:28:27","guid":{"rendered":"https:\/\/upes.edu.mx\/radio\/?p=8067"},"modified":"2026-03-09T12:28:27","modified_gmt":"2026-03-09T19:28:27","slug":"sinaloa-se-une-a-la-jornada-nacional-por-la-paz-y-contra-las-adicciones","status":"publish","type":"post","link":"https:\/\/upes.edu.mx\/radio\/?p=8067","title":{"rendered":"SINALOA SE UNE A LA JORNADA NACIONAL POR LA PAZ Y CONTRA LAS ADICCIONES"},"content":{"rendered":"<p><\/p>\n<p>Encabezados por el Rector de la Universidad Pedag\u00f3gica del Estado de Sinaloa, Jes\u00fas Aar\u00f3n Quintero P\u00e9rez, el contingente de la UPES acompa\u00f1\u00f3 a la titular de la SEPYC, Gloria Himelda F\u00e9lix Niebla, en la Jornada Nacional por la Paz y Contra las Adicciones, que en Sinaloa impulsa el gobernador Rub\u00e9n Rocha Moya. <\/p>\n<p><\/p>\n<p><\/p>\n<p>El rector Jes\u00fas Aar\u00f3n Quintero P\u00e9rez se\u00f1al\u00f3 que en la UPES se forman profesionales de la educaci\u00f3n no s\u00f3lo con saberes sino tambi\u00e9n con valores que son base para el bienestar y la armon\u00eda social.<\/p>\n<p><\/p>\n<p><\/p>\n<p>Con un despliegue de m\u00e1s de 3 mil alumnos, docentes y autoridades, Sinaloa se integr\u00f3 a la Jornada Nacional por la Paz y contra las Adicciones, iniciativa que busca proteger a los j\u00f3venes contra el consumo de sustancias.<\/p>\n<p><\/p>\n<p><\/p>\n<p>Con la representaci\u00f3n del gobernador Rub\u00e9n Rocha Moya, la secretaria de Educaci\u00f3n P\u00fablica y Cultura, Gloria Himelda F\u00e9lix enfatiz\u00f3 que en las aulas no solo se transmite conocimiento, sino que se forma el car\u00e1cter y los valores de la ni\u00f1ez y adolescencia sinaloense. <\/p>\n<p><\/p>\n<p><\/p>\n<p>Esta movilizaci\u00f3n se realiz\u00f3 de manera simult\u00e1nea en las 32 entidades del pa\u00eds. Su objetivo es generar espacios de convivencia mediante actividades deportivas, culturales y art\u00edsticas entre la comunidad escolar y padres de familia. Bajo el lema \u201cEl fentanilo te mata. Al\u00e9jate de las drogas, elige ser feliz&#8221;, se busca informar a la sociedad sobre los da\u00f1os irreversibles a la salud.<\/p>\n<p><\/p>\n<p><\/p>\n<p><em>Culiac\u00e1n, Sin., 7 de marzo del 2026.<\/em><\/p>\n<p><\/p>\n","protected":false},"excerpt":{"rendered":"<p>Encabezados por el Rector de la Universidad Pedag\u00f3gica del Estado de Sinaloa, Jes\u00fas Aar\u00f3n Quintero P\u00e9rez, el contingente de la UPES acompa\u00f1\u00f3 a la titular de la SEPYC, Gloria Himelda F\u00e9lix Niebla, en la Jornada Nacional por la Paz y Contra las Adicciones, que en Sinaloa impulsa el gobernador Rub\u00e9n Rocha Moya. El rector Jes\u00fas [&hellip;]<\/p>\n","protected":false},"author":2,"featured_media":8068,"comment_status":"closed","ping_status":"closed","sticky":false,"template":"","format":"standard","meta":[],"categories":[8],"tags":[],"_links":{"self":[{"href":"https:\/\/upes.edu.mx\/radio\/index.php?rest_route=\/wp\/v2\/posts\/8067"}],"collection":[{"href":"https:\/\/upes.edu.mx\/radio\/index.php?rest_route=\/wp\/v2\/posts"}],"about":[{"href":"https:\/\/upes.edu.mx\/radio\/index.php?rest_route=\/wp\/v2\/types\/post"}],"author":[{"embeddable":true,"href":"https:\/\/upes.edu.mx\/radio\/index.php?rest_route=\/wp\/v2\/users\/2"}],"replies":[{"embeddable":true,"href":"https:\/\/upes.edu.mx\/radio\/index.php?rest_route=%2Fwp%2Fv2%2Fcomments&post=8067"}],"version-history":[{"count":1,"href":"https:\/\/upes.edu.mx\/radio\/index.php?rest_route=\/wp\/v2\/posts\/8067\/revisions"}],"predecessor-version":[{"id":8069,"href":"https:\/\/upes.edu.mx\/radio\/index.php?rest_route=\/wp\/v2\/posts\/8067\/revisions\/8069"}],"wp:featuredmedia":[{"embeddable":true,"href":"https:\/\/upes.edu.mx\/radio\/index.php?rest_route=\/wp\/v2\/media\/8068"}],"wp:attachment":[{"href":"https:\/\/upes.edu.mx\/radio\/index.php?rest_route=%2Fwp%2Fv2%2Fmedia&parent=8067"}],"wp:term":[{"taxonomy":"category","embeddable":true,"href":"https:\/\/upes.edu.mx\/radio\/index.php?rest_route=%2Fwp%2Fv2%2Fcategories&post=8067"},{"taxonomy":"post_tag","embeddable":true,"href":"https:\/\/upes.edu.mx\/radio\/index.php?rest_route=%2Fwp%2Fv2%2Ftags&post=8067"}],"curies":[{"name":"wp","href":"https:\/\/api.w.org\/{rel}","templated":true}]}}