{"id":8073,"date":"2026-03-10T13:11:42","date_gmt":"2026-03-10T20:11:42","guid":{"rendered":"https:\/\/upes.edu.mx\/radio\/?p=8073"},"modified":"2026-03-10T13:12:05","modified_gmt":"2026-03-10T20:12:05","slug":"rinde-protesta-el-sub-comite-de-datos-abiertos-de-la-upes","status":"publish","type":"post","link":"https:\/\/upes.edu.mx\/radio\/?p=8073","title":{"rendered":"RINDE PROTESTA EL SUBCOMIT\u00c9 DE DATOS ABIERTOS DE LA UPES"},"content":{"rendered":"<p><\/p>\n<p>La Universidad Pedag\u00f3gica del Estado de Sinaloa tiene un compromiso permanente con el ejercicio transparente de los recursos p\u00fablicos y el apego a los reglamentos que le rigen, con ese prop\u00f3sito el Rector, M.C. Jes\u00fas Aar\u00f3n Quintero P\u00e9rez, tom\u00f3 la protesta al Sub-Comit\u00e9 de Datos Abiertos, el cual present\u00f3 su plan de trabajo para este 2026.<\/p>\n<p><\/p>\n<p><\/p>\n<p>La Secretaria General de la UPES, Dra. Margarita Alem\u00e1n Vargas, dio la bienvenida a quienes integran el Sub-Comit\u00e9 invit\u00e1ndoles a desempe\u00f1ar esta responsabilidad con esmero para que la UPES refuerce su imagen como una instituci\u00f3n digna, competitiva y transparente en su ejercicio.<\/p>\n<p><\/p>\n<p><\/p>\n<p>El Sub-Comit\u00e9 est\u00e1 integrado por el M.C. Jes\u00fas Aar\u00f3n Quintero P\u00e9rez, como Presidente, la Dra. Margarita Alem\u00e1n Vargas, como Presidenta Suplente; el M.C. Tirzo Antonio Medina C\u00e1rdenas, como Administrador de Datos, el Lic. Misael Candelario Esparza R\u00edos como suplente en la Administraci\u00f3n de Datos; y como Facilitadora Institucional, la Dra. Mar de Jes\u00fas Heiras Palazuelos, en la suplencia la Lic. Esmeralda Soledad Gonz\u00e1lez Arroyo.<\/p>\n<p><\/p>\n<p><\/p>\n<p><em>Culiac\u00e1n, Sin., a 10 de marzo del 2026.<\/em><\/p>\n<p><\/p>\n","protected":false},"excerpt":{"rendered":"<p>La Universidad Pedag\u00f3gica del Estado de Sinaloa tiene un compromiso permanente con el ejercicio transparente de los recursos p\u00fablicos y el apego a los reglamentos que le rigen, con ese prop\u00f3sito el Rector, M.C. Jes\u00fas Aar\u00f3n Quintero P\u00e9rez, tom\u00f3 la protesta al Sub-Comit\u00e9 de Datos Abiertos, el cual present\u00f3 su plan de trabajo para este [&hellip;]<\/p>\n","protected":false},"author":2,"featured_media":8071,"comment_status":"closed","ping_status":"closed","sticky":false,"template":"","format":"standard","meta":[],"categories":[8],"tags":[],"_links":{"self":[{"href":"https:\/\/upes.edu.mx\/radio\/index.php?rest_route=\/wp\/v2\/posts\/8073"}],"collection":[{"href":"https:\/\/upes.edu.mx\/radio\/index.php?rest_route=\/wp\/v2\/posts"}],"about":[{"href":"https:\/\/upes.edu.mx\/radio\/index.php?rest_route=\/wp\/v2\/types\/post"}],"author":[{"embeddable":true,"href":"https:\/\/upes.edu.mx\/radio\/index.php?rest_route=\/wp\/v2\/users\/2"}],"replies":[{"embeddable":true,"href":"https:\/\/upes.edu.mx\/radio\/index.php?rest_route=%2Fwp%2Fv2%2Fcomments&post=8073"}],"version-history":[{"count":2,"href":"https:\/\/upes.edu.mx\/radio\/index.php?rest_route=\/wp\/v2\/posts\/8073\/revisions"}],"predecessor-version":[{"id":8075,"href":"https:\/\/upes.edu.mx\/radio\/index.php?rest_route=\/wp\/v2\/posts\/8073\/revisions\/8075"}],"wp:featuredmedia":[{"embeddable":true,"href":"https:\/\/upes.edu.mx\/radio\/index.php?rest_route=\/wp\/v2\/media\/8071"}],"wp:attachment":[{"href":"https:\/\/upes.edu.mx\/radio\/index.php?rest_route=%2Fwp%2Fv2%2Fmedia&parent=8073"}],"wp:term":[{"taxonomy":"category","embeddable":true,"href":"https:\/\/upes.edu.mx\/radio\/index.php?rest_route=%2Fwp%2Fv2%2Fcategories&post=8073"},{"taxonomy":"post_tag","embeddable":true,"href":"https:\/\/upes.edu.mx\/radio\/index.php?rest_route=%2Fwp%2Fv2%2Ftags&post=8073"}],"curies":[{"name":"wp","href":"https:\/\/api.w.org\/{rel}","templated":true}]}}