{"id":8076,"date":"2026-03-13T15:42:36","date_gmt":"2026-03-13T22:42:36","guid":{"rendered":"https:\/\/upes.edu.mx\/radio\/?p=8076"},"modified":"2026-03-13T15:42:37","modified_gmt":"2026-03-13T22:42:37","slug":"el-dialogo-y-el-consenso-dan-buenos-resultados-en-beneficio-de-la-base-trabajadora-de-la-upes","status":"publish","type":"post","link":"https:\/\/upes.edu.mx\/radio\/?p=8076","title":{"rendered":"EL DI\u00c1LOGO Y EL CONSENSO DAN BUENOS RESULTADOS EN BENEFICIO DE LA BASE TRABAJADORA DE LA UPES"},"content":{"rendered":"<p><\/p>\n<p>En reuni\u00f3n con los representantes del Gobierno del Estado, Mtro. Carlos C\u00e9sar Castro, Ing. David Moreno Liz\u00e1rraga, el Secretario General del STASE, Michel Ben\u00edtez, y el Lic. Her\u00f3n F\u00e9lix, Secretario de Asuntos Universitarios del STASE, as\u00ed como Agust\u00edn Pe\u00f1a, Delegado Sindical de la UPES, la Secretaria General de la UPES, Dra. Margarita Alem\u00e1n Vargas y el Rector de la UPES, Jes\u00fas Aar\u00f3n Quintero P\u00e9rez, en un di\u00e1logo fraterno arribamos al acuerdo siguiente:<\/p>\n<p><\/p>\n<p><\/p>\n<p>Un incremento salarial del 9 por ciento a los trabajadores administrativos del STASE, la diferencia de aguinaldo, la prima vacacional, los bonos a cubrir,&nbsp; la retroactividad contemplando todo el 2025 y hasta la segunda quincena de marzo del 2026, para cubrir los d\u00edas 26 o 27 de marzo del a\u00f1o en curso.<\/p>\n<p><\/p>\n<p><\/p>\n<p>Este acuerdo es por el reconocimiento al desarrollo acad\u00e9mico de la UPES y el consenso que se ha generado con la dirigencia del STASE, encabezada por el Secretario General, Michel Ben\u00edtez, d\u00e1ndose as\u00ed respuesta a las demandas de las trabajadoras y los trabajadores.<\/p>\n<p><\/p>\n<p><\/p>\n<figure class=\"wp-block-image size-large\"><img loading=\"lazy\" width=\"1024\" height=\"660\" src=\"https:\/\/upes.edu.mx\/radio\/wp-content\/uploads\/2026\/03\/Acuerdos-2-1024x660.jpeg\" alt=\"\" class=\"wp-image-8077\" srcset=\"https:\/\/upes.edu.mx\/radio\/wp-content\/uploads\/2026\/03\/Acuerdos-2-1024x660.jpeg 1024w, https:\/\/upes.edu.mx\/radio\/wp-content\/uploads\/2026\/03\/Acuerdos-2-300x194.jpeg 300w, https:\/\/upes.edu.mx\/radio\/wp-content\/uploads\/2026\/03\/Acuerdos-2-768x495.jpeg 768w, https:\/\/upes.edu.mx\/radio\/wp-content\/uploads\/2026\/03\/Acuerdos-2-1536x991.jpeg 1536w, https:\/\/upes.edu.mx\/radio\/wp-content\/uploads\/2026\/03\/Acuerdos-2.jpeg 1600w\" sizes=\"(max-width: 1024px) 100vw, 1024px\" \/><\/figure>\n<p><\/p>\n<p><\/p>\n<p>Esto es tambi\u00e9n un reconocimiento a que a trav\u00e9s del di\u00e1logo y el consenso entre las autoridades universitarias, el STASE y los trabajadores podemos arribar a acuerdos en beneficio de la base trabajadora y del desarrollo de la UPES.<\/p>\n<p><\/p>\n<p><\/p>\n<p>Todo esto ha sido posible por la sensibilidad y el apoyo del Gobernador Rub\u00e9n Rocha Moya, a quien expresamos el agradecimiento y el compromiso por seguir aportando al desarrollo de Sinaloa a trav\u00e9s de la Educaci\u00f3n.<\/p>\n<p><\/p>\n<p><\/p>\n<p><em>Culiac\u00e1n, Sin., 13 de marzo del 2026.<\/em><\/p>\n<p><\/p>\n","protected":false},"excerpt":{"rendered":"<p>En reuni\u00f3n con los representantes del Gobierno del Estado, Mtro. Carlos C\u00e9sar Castro, Ing. David Moreno Liz\u00e1rraga, el Secretario General del STASE, Michel Ben\u00edtez, y el Lic. Her\u00f3n F\u00e9lix, Secretario de Asuntos Universitarios del STASE, as\u00ed como Agust\u00edn Pe\u00f1a, Delegado Sindical de la UPES, la Secretaria General de la UPES, Dra. Margarita Alem\u00e1n Vargas y [&hellip;]<\/p>\n","protected":false},"author":2,"featured_media":8079,"comment_status":"closed","ping_status":"closed","sticky":false,"template":"","format":"standard","meta":[],"categories":[8],"tags":[],"_links":{"self":[{"href":"https:\/\/upes.edu.mx\/radio\/index.php?rest_route=\/wp\/v2\/posts\/8076"}],"collection":[{"href":"https:\/\/upes.edu.mx\/radio\/index.php?rest_route=\/wp\/v2\/posts"}],"about":[{"href":"https:\/\/upes.edu.mx\/radio\/index.php?rest_route=\/wp\/v2\/types\/post"}],"author":[{"embeddable":true,"href":"https:\/\/upes.edu.mx\/radio\/index.php?rest_route=\/wp\/v2\/users\/2"}],"replies":[{"embeddable":true,"href":"https:\/\/upes.edu.mx\/radio\/index.php?rest_route=%2Fwp%2Fv2%2Fcomments&post=8076"}],"version-history":[{"count":1,"href":"https:\/\/upes.edu.mx\/radio\/index.php?rest_route=\/wp\/v2\/posts\/8076\/revisions"}],"predecessor-version":[{"id":8080,"href":"https:\/\/upes.edu.mx\/radio\/index.php?rest_route=\/wp\/v2\/posts\/8076\/revisions\/8080"}],"wp:featuredmedia":[{"embeddable":true,"href":"https:\/\/upes.edu.mx\/radio\/index.php?rest_route=\/wp\/v2\/media\/8079"}],"wp:attachment":[{"href":"https:\/\/upes.edu.mx\/radio\/index.php?rest_route=%2Fwp%2Fv2%2Fmedia&parent=8076"}],"wp:term":[{"taxonomy":"category","embeddable":true,"href":"https:\/\/upes.edu.mx\/radio\/index.php?rest_route=%2Fwp%2Fv2%2Fcategories&post=8076"},{"taxonomy":"post_tag","embeddable":true,"href":"https:\/\/upes.edu.mx\/radio\/index.php?rest_route=%2Fwp%2Fv2%2Ftags&post=8076"}],"curies":[{"name":"wp","href":"https:\/\/api.w.org\/{rel}","templated":true}]}}