{"id":8108,"date":"2026-04-28T15:11:29","date_gmt":"2026-04-28T22:11:29","guid":{"rendered":"https:\/\/upes.edu.mx\/radio\/?p=8108"},"modified":"2026-04-28T15:11:30","modified_gmt":"2026-04-28T22:11:30","slug":"el-espanol-lengua-de-poder-en-la-era-de-la-ia","status":"publish","type":"post","link":"https:\/\/upes.edu.mx\/radio\/?p=8108","title":{"rendered":"EL ESPA\u00d1OL LENGUA DE PODER EN LA ERA DE LA IA"},"content":{"rendered":"<p><\/p>\n<p>&#8220;No hay multilateralismo sin multiling\u00fcismo&#8221;: la ONU reivindica el espa\u00f1ol como lengua de poder en la era de la IA.<\/p>\n<p><\/p>\n<p><\/p>\n<p>El espa\u00f1ol es un pilar del multilateralismo y un activo estrat\u00e9gico global. Con m\u00e1s de 635 millones de hablantes, se consolida como herramienta de acceso ciudadano, cohesi\u00f3n cultural y legitimidad democr\u00e1tica. <\/p>\n<p><\/p>\n<p><\/p>\n<p>En el\u00a0<a href=\"https:\/\/www.un.org\/es\/observances\/spanish-language-day#:~:text=El%2023%20de%20abril%20se,del%20espa%C3%B1ol%20como%20idioma%20oficial.\">D\u00eda del Idioma Espa\u00f1ol en las Naciones Unidas,<\/a>\u00a0expertos en diplomacia, comunicaci\u00f3n y tecnolog\u00eda se reunieron en Nueva York para debatir c\u00f3mo cambiar eso, y c\u00f3mo la inteligencia artificial puede ser parte de la soluci\u00f3n o del problema.<\/p>\n<p><\/p>\n<p><\/p>\n<p><strong>\u201cEl multiling\u00fcismo est\u00e1 en la propia esencia de las Naciones Unidas\u201d<\/strong>, afirm\u00f3&nbsp;<strong>M\u00f3nica Colomer<\/strong>, directora general del Espa\u00f1ol en el Mundo del Gobierno de Espa\u00f1a, quien subray\u00f3 adem\u00e1s que \u201cno hay multilateralismo sin multiling\u00fcismo\u201d. En un contexto internacional marcado por la fragmentaci\u00f3n, el idioma se posiciona como una herramienta de cohesi\u00f3n y acceso. \u201cEl mensaje llega directo al coraz\u00f3n de los ciudadanos\u201d, a\u00f1adi\u00f3.<\/p>\n<p><\/p>\n<p><\/p>\n<p>En el panel participaron tambi\u00e9n<strong>\u00a0Ian Phillips<\/strong>, director de la Divisi\u00f3n de Noticias y Medios del Departamento de Comunicaci\u00f3n Global de la ONU, y\u00a0<strong>Juana Fern\u00e1ndez Silva,<\/strong>\u00a0directora de plataformas de nube e Inteligencia Artificial en Microsoft y estuvo moderado por Laura Qui\u00f1ones, comunicadora del Departamento de Comunicaci\u00f3n Global de la ONU.<\/p>\n<p><\/p>\n<p><\/p>\n<p>Phillips insisti\u00f3 en que el multiling\u00fcismo no puede reducirse a la traducci\u00f3n. \u201cSi uno hace una traducci\u00f3n directa, el producto se queda un poco seco\u201d, explic\u00f3, subrayando que \u201chay que mantener el estilo, el sabor, el alma de los productos\u201d. En un entorno como la ONU, a\u00f1adi\u00f3, el componente humano sigue siendo esencial: \u201c<strong>El ser humano puede captar un momento, matices pol\u00edticos, un silencio, quiz\u00e1s durante negociaciones de paz.\u00a0<\/strong>Creo que por ahora creo que una m\u00e1quina no puede competir en eso\u201d.<\/p>\n<p><\/p>\n<p><\/p>\n<p>La inteligencia artificial, sin embargo, se perfila como una herramienta clave. Fern\u00e1ndez Silva destac\u00f3 su potencial, pero insisti\u00f3 en la necesidad de supervisi\u00f3n: \u201cEl copiloto en este caso es alguien que va con el piloto, pero el piloto sigue siendo t\u00fa\u201d. Explic\u00f3 que cuando una aplicaci\u00f3n se construye sobre documentos en espa\u00f1ol, el resultado que produce la IA es nativo en ese idioma, no una traducci\u00f3n de otro. La clave, subray\u00f3, est\u00e1 en los datos de origen.<\/p>\n<p><\/p>\n<p><\/p>\n<p>En esta l\u00ednea, Colomer destac\u00f3 los esfuerzos en marcha dentro de la comunidad iberoamericana para impulsar el espa\u00f1ol en el \u00e1mbito tecnol\u00f3gico. \u201cHay un compromiso [\u2026] de<strong>&nbsp;trabajar en un corpus que permitiera entrenar la IA en espa\u00f1ol\u201d,&nbsp;<\/strong>explic\u00f3, con el objetivo de que los modelos ling\u00fc\u00edsticos integren el idioma desde su base.<\/p>\n<p><\/p>\n<p><\/p>\n<p>El panel sirvi\u00f3 tambi\u00e9n como plataforma para presentar <em><strong>Sin la ONU<\/strong><\/em><strong>, el primer podcast narrativo original en espa\u00f1ol<\/strong>\u00a0del Departamento de Comunicaci\u00f3n Global. El proyecto busca contar historias reales sobre el impacto de la organizaci\u00f3n en la vida de las personas. \u201cQueremos contar la historia de la ONU, pero no desde el punto de vista de las reuniones aqu\u00ed\u201d, explic\u00f3 Phillips, sino<strong>\u00a0\u201ccaptar las historias de las personas que se benefician de lo que hace la ONU todos los d\u00edas\u201d.<\/strong><\/p>\n<p><\/p>\n<p><\/p>\n<p>Noticias ONU, 24 abril 2026<\/p>\n<p><\/p>\n","protected":false},"excerpt":{"rendered":"<p>&#8220;No hay multilateralismo sin multiling\u00fcismo&#8221;: la ONU reivindica el espa\u00f1ol como lengua de poder en la era de la IA. El espa\u00f1ol es un pilar del multilateralismo y un activo estrat\u00e9gico global. Con m\u00e1s de 635 millones de hablantes, se consolida como herramienta de acceso ciudadano, cohesi\u00f3n cultural y legitimidad democr\u00e1tica. En el\u00a0D\u00eda del Idioma [&hellip;]<\/p>\n","protected":false},"author":2,"featured_media":8109,"comment_status":"closed","ping_status":"closed","sticky":false,"template":"","format":"standard","meta":[],"categories":[8],"tags":[],"_links":{"self":[{"href":"https:\/\/upes.edu.mx\/radio\/index.php?rest_route=\/wp\/v2\/posts\/8108"}],"collection":[{"href":"https:\/\/upes.edu.mx\/radio\/index.php?rest_route=\/wp\/v2\/posts"}],"about":[{"href":"https:\/\/upes.edu.mx\/radio\/index.php?rest_route=\/wp\/v2\/types\/post"}],"author":[{"embeddable":true,"href":"https:\/\/upes.edu.mx\/radio\/index.php?rest_route=\/wp\/v2\/users\/2"}],"replies":[{"embeddable":true,"href":"https:\/\/upes.edu.mx\/radio\/index.php?rest_route=%2Fwp%2Fv2%2Fcomments&post=8108"}],"version-history":[{"count":1,"href":"https:\/\/upes.edu.mx\/radio\/index.php?rest_route=\/wp\/v2\/posts\/8108\/revisions"}],"predecessor-version":[{"id":8110,"href":"https:\/\/upes.edu.mx\/radio\/index.php?rest_route=\/wp\/v2\/posts\/8108\/revisions\/8110"}],"wp:featuredmedia":[{"embeddable":true,"href":"https:\/\/upes.edu.mx\/radio\/index.php?rest_route=\/wp\/v2\/media\/8109"}],"wp:attachment":[{"href":"https:\/\/upes.edu.mx\/radio\/index.php?rest_route=%2Fwp%2Fv2%2Fmedia&parent=8108"}],"wp:term":[{"taxonomy":"category","embeddable":true,"href":"https:\/\/upes.edu.mx\/radio\/index.php?rest_route=%2Fwp%2Fv2%2Fcategories&post=8108"},{"taxonomy":"post_tag","embeddable":true,"href":"https:\/\/upes.edu.mx\/radio\/index.php?rest_route=%2Fwp%2Fv2%2Ftags&post=8108"}],"curies":[{"name":"wp","href":"https:\/\/api.w.org\/{rel}","templated":true}]}}