{"id":8111,"date":"2026-04-30T12:02:38","date_gmt":"2026-04-30T19:02:38","guid":{"rendered":"https:\/\/upes.edu.mx\/radio\/?p=8111"},"modified":"2026-04-30T12:02:39","modified_gmt":"2026-04-30T19:02:39","slug":"el-jazz-terapia-para-la-sociedad","status":"publish","type":"post","link":"https:\/\/upes.edu.mx\/radio\/?p=8111","title":{"rendered":"EL JAZZ, TERAPIA PARA LA SOCIEDAD"},"content":{"rendered":"<p><\/p>\n<p>El jazz no es solo m\u00fasica, sino una forma de\u00a0<em>\u00abterapia social\u00bb<\/em>\u00a0que ayuda a reducir tensiones, superar barreras y restaurar el sentido de conexi\u00f3n entre las personas. Este es el mensaje del D\u00eda Internacional del Jazz, que se celebra cada 30 de abril y es promovido por la UNESCO para fomentar los valores de paz, di\u00e1logo y comprensi\u00f3n mutua.<\/p>\n<p><\/p>\n<p><\/p>\n<p>Maria Semushkina, emprendedora cultural, productora y fundadora del festival Usadba Jazz, explic\u00f3 por qu\u00e9 el jazz sigue siendo una herramienta importante para el progreso social.<\/p>\n<p><\/p>\n<p><\/p>\n<p>Hoy,\u00a0el jazz resuena m\u00e1s all\u00e1 de las salas de conciertos como un lenguaje universal capaz de unir a las personas incluso en medio de conflictos y divisiones pol\u00edticas. Sus or\u00edgenes se remontan a finales del siglo XIX y principios del XX, y est\u00e1n estrechamente vinculados a la cultura afroamericana y a la experiencia de la opresi\u00f3n.\u00a0<\/p>\n<p><\/p>\n<p><\/p>\n<p>Las ra\u00edces del jazz se encuentran en los ritmos y canciones de las personas que trabajaban en plantaciones de Luisiana, para quienes la m\u00fasica se convirti\u00f3 en una forma de expresar dolor, esperanza y anhelo de libertad.<\/p>\n<p><\/p>\n<p><\/p>\n<p>La tradici\u00f3n de los festivales de jazz tambi\u00e9n est\u00e1 estrechamente ligada a convulsiones globales. Los primeros grandes festivales en Europa aparecieron poco despu\u00e9s de la Segunda Guerra Mundial, por ejemplo, en Francia ya en 1948. Seg\u00fan Semushkina, en el per\u00edodo de posguerra, el jazz se convirti\u00f3 en una forma de terapia colectiva.<\/p>\n<p><\/p>\n<p><\/p>\n<p>\u00abNo era solo entretenimiento, sino un espacio donde las personas pod\u00edan recuperarse y sentir una sensaci\u00f3n de unidad\u00bb, explica.<\/p>\n<p><\/p>\n<p><\/p>\n<p>Esa funci\u00f3n sigue siendo relevante hoy.\u00a0El jazz, dice, puede \u00abcambiar la temperatura de la sala\u00bb, reduciendo la ansiedad y la agresi\u00f3n, reconfigurando las conexiones neuronales y ayudando a las personas a entenderse mejor a s\u00ed mismas y a los dem\u00e1s.<\/p>\n<p><\/p>\n<p><\/p>\n<p>Incluso desconocidos en un concierto de jazz pueden encontrar f\u00e1cilmente un terreno com\u00fan. \u00abEs un tipo especial de comunidad: puede que no conozcas a esas personas, pero sabes que puedes hablar con ellas\u00bb, comenta. Esta red global informal conecta a las personas m\u00e1s all\u00e1 de las fronteras y ofrece una forma alternativa de conexi\u00f3n m\u00e1s all\u00e1 de las instituciones formales y las alianzas pol\u00edticas.<\/p>\n<p><\/p>\n<p><\/p>\n<p>Su papel es especialmente importante para las personas que viven en condiciones sociales dif\u00edciles, incluidos los j\u00f3venes de comunidades marginadas. Para algunos, asistir a un concierto o festival puede convertirse en un punto de inflexi\u00f3n, m\u00e1s que en una simple experiencia cultural.<\/p>\n<p><\/p>\n<p><\/p>\n<p><em>\u00abEs importante que esto no se limite a festivales caros: las personas corrientes tambi\u00e9n deber\u00edan tener acceso\u00bb<\/em>, a\u00f1ade.<\/p>\n<p><\/p>\n<p><\/p>\n<p>Con informaci\u00f3n de Noticias ONU, 30 de abril del 2026.<\/p>\n<p><\/p>\n","protected":false},"excerpt":{"rendered":"<p>El jazz no es solo m\u00fasica, sino una forma de\u00a0\u00abterapia social\u00bb\u00a0que ayuda a reducir tensiones, superar barreras y restaurar el sentido de conexi\u00f3n entre las personas. Este es el mensaje del D\u00eda Internacional del Jazz, que se celebra cada 30 de abril y es promovido por la UNESCO para fomentar los valores de paz, di\u00e1logo [&hellip;]<\/p>\n","protected":false},"author":2,"featured_media":8112,"comment_status":"closed","ping_status":"closed","sticky":false,"template":"","format":"standard","meta":[],"categories":[8],"tags":[],"_links":{"self":[{"href":"https:\/\/upes.edu.mx\/radio\/index.php?rest_route=\/wp\/v2\/posts\/8111"}],"collection":[{"href":"https:\/\/upes.edu.mx\/radio\/index.php?rest_route=\/wp\/v2\/posts"}],"about":[{"href":"https:\/\/upes.edu.mx\/radio\/index.php?rest_route=\/wp\/v2\/types\/post"}],"author":[{"embeddable":true,"href":"https:\/\/upes.edu.mx\/radio\/index.php?rest_route=\/wp\/v2\/users\/2"}],"replies":[{"embeddable":true,"href":"https:\/\/upes.edu.mx\/radio\/index.php?rest_route=%2Fwp%2Fv2%2Fcomments&post=8111"}],"version-history":[{"count":1,"href":"https:\/\/upes.edu.mx\/radio\/index.php?rest_route=\/wp\/v2\/posts\/8111\/revisions"}],"predecessor-version":[{"id":8113,"href":"https:\/\/upes.edu.mx\/radio\/index.php?rest_route=\/wp\/v2\/posts\/8111\/revisions\/8113"}],"wp:featuredmedia":[{"embeddable":true,"href":"https:\/\/upes.edu.mx\/radio\/index.php?rest_route=\/wp\/v2\/media\/8112"}],"wp:attachment":[{"href":"https:\/\/upes.edu.mx\/radio\/index.php?rest_route=%2Fwp%2Fv2%2Fmedia&parent=8111"}],"wp:term":[{"taxonomy":"category","embeddable":true,"href":"https:\/\/upes.edu.mx\/radio\/index.php?rest_route=%2Fwp%2Fv2%2Fcategories&post=8111"},{"taxonomy":"post_tag","embeddable":true,"href":"https:\/\/upes.edu.mx\/radio\/index.php?rest_route=%2Fwp%2Fv2%2Ftags&post=8111"}],"curies":[{"name":"wp","href":"https:\/\/api.w.org\/{rel}","templated":true}]}}